{"id":6539,"date":"2020-09-19T09:00:58","date_gmt":"2020-09-19T06:00:58","guid":{"rendered":"https:\/\/shipowners.fi\/?p=6539"},"modified":"2023-05-02T08:49:07","modified_gmt":"2023-05-02T05:49:07","slug":"nu-kan-man-resa-till-sverige-och-tyskland-med-farja-utan-begrasningar","status":"publish","type":"post","link":"https:\/\/shipowners.fi\/sv\/nu-kan-man-resa-till-sverige-och-tyskland-med-farja-utan-begrasningar\/","title":{"rendered":"Nu kan man resa till Sverige och Tyskland med f\u00e4rja utan begr\u00e4sningar"},"content":{"rendered":"<p><strong>Fr\u00e5n och med den 19.9. \u00e4r det till\u00e5tet att resa mellan Finland och bland annat Sverige och Tyskland utan begr\u00e4nsningar. Estland har varit \u00f6ppet f\u00f6r passagerartrafik redan tidigare. Avvecklandet av begr\u00e4nsningarna betyder, att resen\u00e4rer som \u00e5terv\u00e4nder fr\u00e5n l\u00e4nderna i fr\u00e5ga inte beh\u00f6ver bli i frivillig karant\u00e4n eller ta coronavirustest. <\/strong><\/p>\n<p><strong>Det \u00e4r tryggt att resa med f\u00e4rja<\/strong><\/p>\n<p>Enligt Institutet f\u00f6r h\u00e4lsa och v\u00e4lf\u00e4rd (THL) har man p\u00e5 finska fartyg framg\u00e5ngsrikt lyckats undvika spridning av viruset. THL:s ledande sakkunnig <strong>Jari Jalava<\/strong> konstaterar, att det inte fastst\u00e4llts smittkedjor p\u00e5 f\u00e4rjor, utan endast enskilda fall.<\/p>\n<p><strong>Flera \u00e5tg\u00e4rder f\u00f6r att s\u00e4kerst\u00e4lla h\u00e4los\u00e4kerheten<\/strong><\/p>\n<p>\u201dI hamnarna och ombord p\u00e5 fartygen har man tagit omfattande \u00e5tg\u00e4rder f\u00f6r att hindra coronaviruset fr\u00e5n att spridas, passagerarnas trygghet \u00e4r rederiernas fr\u00e4msta prioritet. Alla rederier som opererar fr\u00e5n Finland har f\u00f6rbundit sig till att reglera passagerarm\u00e4ngden till 50\u201375 % av fartygets kapacitet.\u201d konstaterar <strong>Jarkko Saarim\u00e4ki,<\/strong> \u00f6verdirekt\u00f6r f\u00f6r transportsystemtj\u00e4nster vid Transport och kommunikationsverket Traficom.<\/p>\n<p>Rederierna har f\u00f6rberett sig till en s\u00e4ker och gradvis \u00e5terv\u00e4ndning av passagerartrafik. F\u00f6r att hindra spridning av viruset och s\u00e4kerst\u00e4lla passagerarnas h\u00e4lsos\u00e4kerhet har det tagits i bruk special\u00e5tg\u00e4rder, som inneb\u00e4r t.ex. effektivering av st\u00e4dning och desinficering, samt s\u00e4kerhetsavst\u00e5nd i terminaler och p\u00e5 fartyg. Resen\u00e4rer p\u00e5minns regelbundet om s\u00e4kerhetsavst\u00e5nden och handhygien ombord och i hamnen, och det erbjuds m\u00f6jlighet att tv\u00e4tta och desinficera h\u00e4nderna. Resen\u00e4rer rekommenderas anv\u00e4nda ansiktsmasker under b\u00e5tresan i situationer d\u00e4r det inte g\u00e5r att h\u00e5lla s\u00e4kerhetsavst\u00e5nd.<\/p>\n<p>&nbsp;<\/p>\n<p><strong><img loading=\"lazy\" decoding=\"async\" class=\"size-full wp-image-6531 alignnone\" src=\"https:\/\/shipowners.fi\/wp-content\/uploads\/2020\/09\/Perhe-Tallink-silja.png\" alt=\"\" width=\"955\" height=\"641\" srcset=\"https:\/\/shipowners.fi\/wp-content\/uploads\/2020\/09\/Perhe-Tallink-silja.png 955w, https:\/\/shipowners.fi\/wp-content\/uploads\/2020\/09\/Perhe-Tallink-silja-300x201.png 300w, https:\/\/shipowners.fi\/wp-content\/uploads\/2020\/09\/Perhe-Tallink-silja-768x515.png 768w\" sizes=\"auto, (max-width: 955px) 100vw, 955px\" \/><\/strong><em>Bild: Tallink Silja<\/em><strong><br \/>\n<\/strong><\/p>\n<p>&nbsp;<\/p>\n<p><strong>Till\u00e4ggsinformation:<\/strong><\/p>\n<p>Maija Mattila, Rederierna i Finland<\/p>\n<p><a href=\"mailto:maija.mattila@shipowners.fi\">maija.mattila@shipowners.fi<\/a><\/p>\n<p>Jari Jalava, THL<\/p>\n<p><a href=\"mailto:jari.jalava@thl.fi\">jari.jalava@thl.fi<\/a><\/p>\n<p>Jarkko Saarim\u00e4ki, Traficom<\/p>\n<p><a href=\"mailto:jarkko.saarimaki@traficom.fi\">jarkko.saarimaki@traficom.fi<\/a><\/p>\n","protected":false},"excerpt":{"rendered":"<p>Fr\u00e5n och med den 19.9. \u00e4r det till\u00e5tet att resa mellan Finland och bland annat Sverige och Tyskland utan begr\u00e4nsningar. Estland har varit \u00f6ppet f\u00f6r passagerartrafik redan tidigare. Avvecklandet av begr\u00e4nsningarna betyder, att resen\u00e4rer som \u00e5terv\u00e4nder fr\u00e5n l\u00e4nderna i fr\u00e5ga inte beh\u00f6ver bli i frivillig karant\u00e4n eller ta coronavirustest. Det \u00e4r tryggt att resa med&hellip;<\/p>\n","protected":false},"author":2,"featured_media":0,"comment_status":"closed","ping_status":"open","sticky":false,"template":"","format":"standard","meta":{"_acf_changed":false,"footnotes":""},"categories":[3],"tags":[],"class_list":["post-6539","post","type-post","status-publish","format-standard","hentry","category-pressmeddelanden"],"acf":[],"yoast_head":"<!-- This site is optimized with the Yoast SEO plugin v27.5 - https:\/\/yoast.com\/product\/yoast-seo-wordpress\/ -->\n<title>Nu kan man resa till Sverige och Tyskland med f\u00e4rja utan begr\u00e4sningar - Rederierna i Finland<\/title>\n<meta name=\"robots\" content=\"index, follow, max-snippet:-1, max-image-preview:large, max-video-preview:-1\" \/>\n<link rel=\"canonical\" href=\"https:\/\/shipowners.fi\/sv\/nu-kan-man-resa-till-sverige-och-tyskland-med-farja-utan-begrasningar\/\" \/>\n<meta property=\"og:locale\" content=\"sv_SE\" \/>\n<meta property=\"og:type\" content=\"article\" \/>\n<meta property=\"og:title\" content=\"Nu kan man resa till Sverige och Tyskland med f\u00e4rja utan begr\u00e4sningar - Rederierna i Finland\" \/>\n<meta property=\"og:description\" content=\"Fr\u00e5n och med den 19.9. \u00e4r det till\u00e5tet att resa mellan Finland och bland annat Sverige och Tyskland utan begr\u00e4nsningar. Estland har varit \u00f6ppet f\u00f6r passagerartrafik redan tidigare. Avvecklandet av begr\u00e4nsningarna betyder, att resen\u00e4rer som \u00e5terv\u00e4nder fr\u00e5n l\u00e4nderna i fr\u00e5ga inte beh\u00f6ver bli i frivillig karant\u00e4n eller ta coronavirustest. Det \u00e4r tryggt att resa med&hellip;\" \/>\n<meta property=\"og:url\" content=\"https:\/\/shipowners.fi\/sv\/nu-kan-man-resa-till-sverige-och-tyskland-med-farja-utan-begrasningar\/\" \/>\n<meta property=\"og:site_name\" content=\"Rederierna i Finland\" \/>\n<meta property=\"article:published_time\" content=\"2020-09-19T06:00:58+00:00\" \/>\n<meta property=\"article:modified_time\" content=\"2023-05-02T05:49:07+00:00\" \/>\n<meta property=\"og:image\" content=\"https:\/\/shipowners.fi\/wp-content\/uploads\/2020\/09\/Perhe-Tallink-silja.png\" \/>\n<meta name=\"author\" content=\"maj.jantti\" \/>\n<meta name=\"twitter:card\" content=\"summary_large_image\" \/>\n<meta name=\"twitter:label1\" content=\"Skriven av\" \/>\n\t<meta name=\"twitter:data1\" content=\"maj.jantti\" \/>\n\t<meta name=\"twitter:label2\" content=\"Ber\u00e4knad l\u00e4stid\" \/>\n\t<meta name=\"twitter:data2\" content=\"2 minuter\" \/>\n<script type=\"application\/ld+json\" class=\"yoast-schema-graph\">{\"@context\":\"https:\\\/\\\/schema.org\",\"@graph\":[{\"@type\":\"Article\",\"@id\":\"https:\\\/\\\/shipowners.fi\\\/sv\\\/nu-kan-man-resa-till-sverige-och-tyskland-med-farja-utan-begrasningar\\\/#article\",\"isPartOf\":{\"@id\":\"https:\\\/\\\/shipowners.fi\\\/sv\\\/nu-kan-man-resa-till-sverige-och-tyskland-med-farja-utan-begrasningar\\\/\"},\"author\":{\"name\":\"maj.jantti\",\"@id\":\"https:\\\/\\\/shipowners.fi\\\/#\\\/schema\\\/person\\\/26e906cb91a54d2abb2c4c061ba1fe52\"},\"headline\":\"Nu kan man resa till Sverige och Tyskland med f\u00e4rja utan begr\u00e4sningar\",\"datePublished\":\"2020-09-19T06:00:58+00:00\",\"dateModified\":\"2023-05-02T05:49:07+00:00\",\"mainEntityOfPage\":{\"@id\":\"https:\\\/\\\/shipowners.fi\\\/sv\\\/nu-kan-man-resa-till-sverige-och-tyskland-med-farja-utan-begrasningar\\\/\"},\"wordCount\":339,\"image\":{\"@id\":\"https:\\\/\\\/shipowners.fi\\\/sv\\\/nu-kan-man-resa-till-sverige-och-tyskland-med-farja-utan-begrasningar\\\/#primaryimage\"},\"thumbnailUrl\":\"https:\\\/\\\/shipowners.fi\\\/wp-content\\\/uploads\\\/2020\\\/09\\\/Perhe-Tallink-silja.png\",\"articleSection\":[\"Press\u00admeddelanden\"],\"inLanguage\":\"sv-SE\"},{\"@type\":\"WebPage\",\"@id\":\"https:\\\/\\\/shipowners.fi\\\/sv\\\/nu-kan-man-resa-till-sverige-och-tyskland-med-farja-utan-begrasningar\\\/\",\"url\":\"https:\\\/\\\/shipowners.fi\\\/sv\\\/nu-kan-man-resa-till-sverige-och-tyskland-med-farja-utan-begrasningar\\\/\",\"name\":\"Nu kan man resa till Sverige och Tyskland med f\u00e4rja utan begr\u00e4sningar - Rederierna i Finland\",\"isPartOf\":{\"@id\":\"https:\\\/\\\/shipowners.fi\\\/#website\"},\"primaryImageOfPage\":{\"@id\":\"https:\\\/\\\/shipowners.fi\\\/sv\\\/nu-kan-man-resa-till-sverige-och-tyskland-med-farja-utan-begrasningar\\\/#primaryimage\"},\"image\":{\"@id\":\"https:\\\/\\\/shipowners.fi\\\/sv\\\/nu-kan-man-resa-till-sverige-och-tyskland-med-farja-utan-begrasningar\\\/#primaryimage\"},\"thumbnailUrl\":\"https:\\\/\\\/shipowners.fi\\\/wp-content\\\/uploads\\\/2020\\\/09\\\/Perhe-Tallink-silja.png\",\"datePublished\":\"2020-09-19T06:00:58+00:00\",\"dateModified\":\"2023-05-02T05:49:07+00:00\",\"author\":{\"@id\":\"https:\\\/\\\/shipowners.fi\\\/#\\\/schema\\\/person\\\/26e906cb91a54d2abb2c4c061ba1fe52\"},\"inLanguage\":\"sv-SE\",\"potentialAction\":[{\"@type\":\"ReadAction\",\"target\":[\"https:\\\/\\\/shipowners.fi\\\/sv\\\/nu-kan-man-resa-till-sverige-och-tyskland-med-farja-utan-begrasningar\\\/\"]}]},{\"@type\":\"ImageObject\",\"inLanguage\":\"sv-SE\",\"@id\":\"https:\\\/\\\/shipowners.fi\\\/sv\\\/nu-kan-man-resa-till-sverige-och-tyskland-med-farja-utan-begrasningar\\\/#primaryimage\",\"url\":\"https:\\\/\\\/shipowners.fi\\\/wp-content\\\/uploads\\\/2020\\\/09\\\/Perhe-Tallink-silja.png\",\"contentUrl\":\"https:\\\/\\\/shipowners.fi\\\/wp-content\\\/uploads\\\/2020\\\/09\\\/Perhe-Tallink-silja.png\"},{\"@type\":\"WebSite\",\"@id\":\"https:\\\/\\\/shipowners.fi\\\/#website\",\"url\":\"https:\\\/\\\/shipowners.fi\\\/\",\"name\":\"Rederierna i Finland\",\"description\":\"\",\"potentialAction\":[{\"@type\":\"SearchAction\",\"target\":{\"@type\":\"EntryPoint\",\"urlTemplate\":\"https:\\\/\\\/shipowners.fi\\\/?s={search_term_string}\"},\"query-input\":{\"@type\":\"PropertyValueSpecification\",\"valueRequired\":true,\"valueName\":\"search_term_string\"}}],\"inLanguage\":\"sv-SE\"},{\"@type\":\"Person\",\"@id\":\"https:\\\/\\\/shipowners.fi\\\/#\\\/schema\\\/person\\\/26e906cb91a54d2abb2c4c061ba1fe52\",\"name\":\"maj.jantti\",\"image\":{\"@type\":\"ImageObject\",\"inLanguage\":\"sv-SE\",\"@id\":\"https:\\\/\\\/secure.gravatar.com\\\/avatar\\\/8ab5c6aab73a2fc0feaf4bf2fdda9cfaca9c6069a4e0bc559e89ea55efdac254?s=96&d=mm&r=g\",\"url\":\"https:\\\/\\\/secure.gravatar.com\\\/avatar\\\/8ab5c6aab73a2fc0feaf4bf2fdda9cfaca9c6069a4e0bc559e89ea55efdac254?s=96&d=mm&r=g\",\"contentUrl\":\"https:\\\/\\\/secure.gravatar.com\\\/avatar\\\/8ab5c6aab73a2fc0feaf4bf2fdda9cfaca9c6069a4e0bc559e89ea55efdac254?s=96&d=mm&r=g\",\"caption\":\"maj.jantti\"},\"url\":\"https:\\\/\\\/shipowners.fi\\\/sv\\\/author\\\/maj-jantti\\\/\"}]}<\/script>\n<!-- \/ Yoast SEO plugin. -->","yoast_head_json":{"title":"Nu kan man resa till Sverige och Tyskland med f\u00e4rja utan begr\u00e4sningar - Rederierna i Finland","robots":{"index":"index","follow":"follow","max-snippet":"max-snippet:-1","max-image-preview":"max-image-preview:large","max-video-preview":"max-video-preview:-1"},"canonical":"https:\/\/shipowners.fi\/sv\/nu-kan-man-resa-till-sverige-och-tyskland-med-farja-utan-begrasningar\/","og_locale":"sv_SE","og_type":"article","og_title":"Nu kan man resa till Sverige och Tyskland med f\u00e4rja utan begr\u00e4sningar - Rederierna i Finland","og_description":"Fr\u00e5n och med den 19.9. \u00e4r det till\u00e5tet att resa mellan Finland och bland annat Sverige och Tyskland utan begr\u00e4nsningar. Estland har varit \u00f6ppet f\u00f6r passagerartrafik redan tidigare. Avvecklandet av begr\u00e4nsningarna betyder, att resen\u00e4rer som \u00e5terv\u00e4nder fr\u00e5n l\u00e4nderna i fr\u00e5ga inte beh\u00f6ver bli i frivillig karant\u00e4n eller ta coronavirustest. Det \u00e4r tryggt att resa med&hellip;","og_url":"https:\/\/shipowners.fi\/sv\/nu-kan-man-resa-till-sverige-och-tyskland-med-farja-utan-begrasningar\/","og_site_name":"Rederierna i Finland","article_published_time":"2020-09-19T06:00:58+00:00","article_modified_time":"2023-05-02T05:49:07+00:00","og_image":[{"url":"https:\/\/shipowners.fi\/wp-content\/uploads\/2020\/09\/Perhe-Tallink-silja.png","type":"","width":"","height":""}],"author":"maj.jantti","twitter_card":"summary_large_image","twitter_misc":{"Skriven av":"maj.jantti","Ber\u00e4knad l\u00e4stid":"2 minuter"},"schema":{"@context":"https:\/\/schema.org","@graph":[{"@type":"Article","@id":"https:\/\/shipowners.fi\/sv\/nu-kan-man-resa-till-sverige-och-tyskland-med-farja-utan-begrasningar\/#article","isPartOf":{"@id":"https:\/\/shipowners.fi\/sv\/nu-kan-man-resa-till-sverige-och-tyskland-med-farja-utan-begrasningar\/"},"author":{"name":"maj.jantti","@id":"https:\/\/shipowners.fi\/#\/schema\/person\/26e906cb91a54d2abb2c4c061ba1fe52"},"headline":"Nu kan man resa till Sverige och Tyskland med f\u00e4rja utan begr\u00e4sningar","datePublished":"2020-09-19T06:00:58+00:00","dateModified":"2023-05-02T05:49:07+00:00","mainEntityOfPage":{"@id":"https:\/\/shipowners.fi\/sv\/nu-kan-man-resa-till-sverige-och-tyskland-med-farja-utan-begrasningar\/"},"wordCount":339,"image":{"@id":"https:\/\/shipowners.fi\/sv\/nu-kan-man-resa-till-sverige-och-tyskland-med-farja-utan-begrasningar\/#primaryimage"},"thumbnailUrl":"https:\/\/shipowners.fi\/wp-content\/uploads\/2020\/09\/Perhe-Tallink-silja.png","articleSection":["Press\u00admeddelanden"],"inLanguage":"sv-SE"},{"@type":"WebPage","@id":"https:\/\/shipowners.fi\/sv\/nu-kan-man-resa-till-sverige-och-tyskland-med-farja-utan-begrasningar\/","url":"https:\/\/shipowners.fi\/sv\/nu-kan-man-resa-till-sverige-och-tyskland-med-farja-utan-begrasningar\/","name":"Nu kan man resa till Sverige och Tyskland med f\u00e4rja utan begr\u00e4sningar - Rederierna i Finland","isPartOf":{"@id":"https:\/\/shipowners.fi\/#website"},"primaryImageOfPage":{"@id":"https:\/\/shipowners.fi\/sv\/nu-kan-man-resa-till-sverige-och-tyskland-med-farja-utan-begrasningar\/#primaryimage"},"image":{"@id":"https:\/\/shipowners.fi\/sv\/nu-kan-man-resa-till-sverige-och-tyskland-med-farja-utan-begrasningar\/#primaryimage"},"thumbnailUrl":"https:\/\/shipowners.fi\/wp-content\/uploads\/2020\/09\/Perhe-Tallink-silja.png","datePublished":"2020-09-19T06:00:58+00:00","dateModified":"2023-05-02T05:49:07+00:00","author":{"@id":"https:\/\/shipowners.fi\/#\/schema\/person\/26e906cb91a54d2abb2c4c061ba1fe52"},"inLanguage":"sv-SE","potentialAction":[{"@type":"ReadAction","target":["https:\/\/shipowners.fi\/sv\/nu-kan-man-resa-till-sverige-och-tyskland-med-farja-utan-begrasningar\/"]}]},{"@type":"ImageObject","inLanguage":"sv-SE","@id":"https:\/\/shipowners.fi\/sv\/nu-kan-man-resa-till-sverige-och-tyskland-med-farja-utan-begrasningar\/#primaryimage","url":"https:\/\/shipowners.fi\/wp-content\/uploads\/2020\/09\/Perhe-Tallink-silja.png","contentUrl":"https:\/\/shipowners.fi\/wp-content\/uploads\/2020\/09\/Perhe-Tallink-silja.png"},{"@type":"WebSite","@id":"https:\/\/shipowners.fi\/#website","url":"https:\/\/shipowners.fi\/","name":"Rederierna i Finland","description":"","potentialAction":[{"@type":"SearchAction","target":{"@type":"EntryPoint","urlTemplate":"https:\/\/shipowners.fi\/?s={search_term_string}"},"query-input":{"@type":"PropertyValueSpecification","valueRequired":true,"valueName":"search_term_string"}}],"inLanguage":"sv-SE"},{"@type":"Person","@id":"https:\/\/shipowners.fi\/#\/schema\/person\/26e906cb91a54d2abb2c4c061ba1fe52","name":"maj.jantti","image":{"@type":"ImageObject","inLanguage":"sv-SE","@id":"https:\/\/secure.gravatar.com\/avatar\/8ab5c6aab73a2fc0feaf4bf2fdda9cfaca9c6069a4e0bc559e89ea55efdac254?s=96&d=mm&r=g","url":"https:\/\/secure.gravatar.com\/avatar\/8ab5c6aab73a2fc0feaf4bf2fdda9cfaca9c6069a4e0bc559e89ea55efdac254?s=96&d=mm&r=g","contentUrl":"https:\/\/secure.gravatar.com\/avatar\/8ab5c6aab73a2fc0feaf4bf2fdda9cfaca9c6069a4e0bc559e89ea55efdac254?s=96&d=mm&r=g","caption":"maj.jantti"},"url":"https:\/\/shipowners.fi\/sv\/author\/maj-jantti\/"}]}},"_links":{"self":[{"href":"https:\/\/shipowners.fi\/sv\/wp-json\/wp\/v2\/posts\/6539","targetHints":{"allow":["GET"]}}],"collection":[{"href":"https:\/\/shipowners.fi\/sv\/wp-json\/wp\/v2\/posts"}],"about":[{"href":"https:\/\/shipowners.fi\/sv\/wp-json\/wp\/v2\/types\/post"}],"author":[{"embeddable":true,"href":"https:\/\/shipowners.fi\/sv\/wp-json\/wp\/v2\/users\/2"}],"replies":[{"embeddable":true,"href":"https:\/\/shipowners.fi\/sv\/wp-json\/wp\/v2\/comments?post=6539"}],"version-history":[{"count":3,"href":"https:\/\/shipowners.fi\/sv\/wp-json\/wp\/v2\/posts\/6539\/revisions"}],"predecessor-version":[{"id":6542,"href":"https:\/\/shipowners.fi\/sv\/wp-json\/wp\/v2\/posts\/6539\/revisions\/6542"}],"wp:attachment":[{"href":"https:\/\/shipowners.fi\/sv\/wp-json\/wp\/v2\/media?parent=6539"}],"wp:term":[{"taxonomy":"category","embeddable":true,"href":"https:\/\/shipowners.fi\/sv\/wp-json\/wp\/v2\/categories?post=6539"},{"taxonomy":"post_tag","embeddable":true,"href":"https:\/\/shipowners.fi\/sv\/wp-json\/wp\/v2\/tags?post=6539"}],"curies":[{"name":"wp","href":"https:\/\/api.w.org\/{rel}","templated":true}]}}