{"id":6569,"date":"2020-09-28T18:14:12","date_gmt":"2020-09-28T15:14:12","guid":{"rendered":"https:\/\/shipowners.fi\/?p=6569"},"modified":"2023-05-02T08:49:06","modified_gmt":"2023-05-02T05:49:06","slug":"nya-reserestriktioner-fr-o-m-den-28-9","status":"publish","type":"post","link":"https:\/\/shipowners.fi\/sv\/nya-reserestriktioner-fr-o-m-den-28-9\/","title":{"rendered":"Nya reserestriktioner tr\u00e4der i kraft den 28.9."},"content":{"rendered":"<p><strong>Statsr\u00e5det fattade den 24 september beslut om inreserestriktioner som tr\u00e4der i kraft den 28 september. Inreserestriktionerna inf\u00f6rs p\u00e5 nytt i trafiken mellan Finland och Sverige, Tyskland och Estland, bland andra l\u00e4nder.<\/strong><\/p>\n<p>Restriktionerna betyder, att personer som reser till Finland fr\u00e5n l\u00e4nderna i fr\u00e5ga, rekommenderas h\u00e5lla frivillig karant\u00e4n i 14 dygn. Fr\u00e5n och med m\u00e5ndagen den 28 september kan man dock resa till Finland fr\u00e5n Sverige och Estland f\u00f6r att arbeta, utan att det kr\u00e4vs frivillig karant\u00e4n i 14 dygn.<\/p>\n<p>Fr\u00e5n och med nu kan landf\u00f6rteckningen alltid f\u00f6r\u00e4ndras i och med den granskning som g\u00f6rs med en veckas mellanrum. \u00c4ndringarna i inreserestriktionerna g\u00f6rs p\u00e5 basis av Institutet f\u00f6r h\u00e4lsa och v\u00e4lf\u00e4rds (THL) expertbed\u00f6mning utifr\u00e5n uppgifterna f\u00f6r varje m\u00e5ndag. Gr\u00e4nsv\u00e4rdet 25 nya sjukdomsfall per 100 000 personer under de senaste 14 dagarna till\u00e4mpas p\u00e5 EU-l\u00e4nderna och Schengenl\u00e4nderna samt p\u00e5 l\u00e4nder som finns p\u00e5 den s.k. gr\u00f6na listan som fastst\u00e4llts av Europeiska unionens r\u00e5d. Beslut om eventuella \u00e4ndringar fattas p\u00e5 torsdagar vid statsr\u00e5dets sammantr\u00e4de.<\/p>\n<p>Reserestriktioner\u00a0 ber\u00f6r inte sj\u00f6personal eller personal som har att g\u00f6ra med fartygets underh\u00e5llsarbete eller annan verksamhet som \u00e4r centralt f\u00f6r frakttrafik.<\/p>\n<p>Till\u00e4ggsinfo om restriktioner: <a href=\"https:\/\/intermin.fi\/-\/maahantulon-rajoituksia-tiukennetaan-koronatilanteen-perusteella?languageId=sv_SE\" target=\"_blank\" rel=\"noopener noreferrer\">https:\/\/intermin.fi\/-\/maahantulon-rajoituksia-tiukennetaan-koronatilanteen-perusteella?languageId=sv_SE<\/a><\/p>\n<p>Instruktioner g\u00e4llande gr\u00e4ns\u00f6verg\u00e5ng: <a href=\"https:\/\/www.raja.fi\/aktuellt\/instruktioner_gransovergang\" target=\"_blank\" rel=\"noopener noreferrer\">https:\/\/www.raja.fi\/aktuellt\/instruktioner_gransovergang<\/a><\/p>\n<p>&nbsp;<\/p>\n","protected":false},"excerpt":{"rendered":"<p>Statsr\u00e5det fattade den 24 september beslut om inreserestriktioner som tr\u00e4der i kraft den 28 september. Inreserestriktionerna inf\u00f6rs p\u00e5 nytt i trafiken mellan Finland och Sverige, Tyskland och Estland, bland andra l\u00e4nder. Restriktionerna betyder, att personer som reser till Finland fr\u00e5n l\u00e4nderna i fr\u00e5ga, rekommenderas h\u00e5lla frivillig karant\u00e4n i 14 dygn. Fr\u00e5n och med m\u00e5ndagen den&hellip;<\/p>\n","protected":false},"author":2,"featured_media":0,"comment_status":"closed","ping_status":"open","sticky":false,"template":"","format":"standard","meta":{"_acf_changed":false,"footnotes":""},"categories":[3],"tags":[],"class_list":["post-6569","post","type-post","status-publish","format-standard","hentry","category-pressmeddelanden"],"acf":[],"yoast_head":"<!-- This site is optimized with the Yoast SEO plugin v27.5 - https:\/\/yoast.com\/product\/yoast-seo-wordpress\/ -->\n<title>Nya reserestriktioner tr\u00e4der i kraft den 28.9. - Rederierna i Finland<\/title>\n<meta name=\"robots\" content=\"index, follow, max-snippet:-1, max-image-preview:large, max-video-preview:-1\" \/>\n<link rel=\"canonical\" href=\"https:\/\/shipowners.fi\/sv\/nya-reserestriktioner-fr-o-m-den-28-9\/\" \/>\n<meta property=\"og:locale\" content=\"sv_SE\" \/>\n<meta property=\"og:type\" content=\"article\" \/>\n<meta property=\"og:title\" content=\"Nya reserestriktioner tr\u00e4der i kraft den 28.9. - Rederierna i Finland\" \/>\n<meta property=\"og:description\" content=\"Statsr\u00e5det fattade den 24 september beslut om inreserestriktioner som tr\u00e4der i kraft den 28 september. Inreserestriktionerna inf\u00f6rs p\u00e5 nytt i trafiken mellan Finland och Sverige, Tyskland och Estland, bland andra l\u00e4nder. Restriktionerna betyder, att personer som reser till Finland fr\u00e5n l\u00e4nderna i fr\u00e5ga, rekommenderas h\u00e5lla frivillig karant\u00e4n i 14 dygn. Fr\u00e5n och med m\u00e5ndagen den&hellip;\" \/>\n<meta property=\"og:url\" content=\"https:\/\/shipowners.fi\/sv\/nya-reserestriktioner-fr-o-m-den-28-9\/\" \/>\n<meta property=\"og:site_name\" content=\"Rederierna i Finland\" \/>\n<meta property=\"article:published_time\" content=\"2020-09-28T15:14:12+00:00\" \/>\n<meta property=\"article:modified_time\" content=\"2023-05-02T05:49:06+00:00\" \/>\n<meta property=\"og:image\" content=\"https:\/\/shipowners.fi\/wp-content\/uploads\/2018\/05\/suomenvarustamot_etusivu.jpg\" \/>\n\t<meta property=\"og:image:width\" content=\"1243\" \/>\n\t<meta property=\"og:image:height\" content=\"901\" \/>\n\t<meta property=\"og:image:type\" content=\"image\/jpeg\" \/>\n<meta name=\"author\" content=\"maj.jantti\" \/>\n<meta name=\"twitter:card\" content=\"summary_large_image\" \/>\n<meta name=\"twitter:label1\" content=\"Skriven av\" \/>\n\t<meta name=\"twitter:data1\" content=\"maj.jantti\" \/>\n\t<meta name=\"twitter:label2\" content=\"Ber\u00e4knad l\u00e4stid\" \/>\n\t<meta name=\"twitter:data2\" content=\"1 minut\" \/>\n<script type=\"application\/ld+json\" class=\"yoast-schema-graph\">{\"@context\":\"https:\\\/\\\/schema.org\",\"@graph\":[{\"@type\":\"Article\",\"@id\":\"https:\\\/\\\/shipowners.fi\\\/sv\\\/nya-reserestriktioner-fr-o-m-den-28-9\\\/#article\",\"isPartOf\":{\"@id\":\"https:\\\/\\\/shipowners.fi\\\/sv\\\/nya-reserestriktioner-fr-o-m-den-28-9\\\/\"},\"author\":{\"name\":\"maj.jantti\",\"@id\":\"https:\\\/\\\/shipowners.fi\\\/#\\\/schema\\\/person\\\/26e906cb91a54d2abb2c4c061ba1fe52\"},\"headline\":\"Nya reserestriktioner tr\u00e4der i kraft den 28.9.\",\"datePublished\":\"2020-09-28T15:14:12+00:00\",\"dateModified\":\"2023-05-02T05:49:06+00:00\",\"mainEntityOfPage\":{\"@id\":\"https:\\\/\\\/shipowners.fi\\\/sv\\\/nya-reserestriktioner-fr-o-m-den-28-9\\\/\"},\"wordCount\":253,\"articleSection\":[\"Press\u00admeddelanden\"],\"inLanguage\":\"sv-SE\"},{\"@type\":\"WebPage\",\"@id\":\"https:\\\/\\\/shipowners.fi\\\/sv\\\/nya-reserestriktioner-fr-o-m-den-28-9\\\/\",\"url\":\"https:\\\/\\\/shipowners.fi\\\/sv\\\/nya-reserestriktioner-fr-o-m-den-28-9\\\/\",\"name\":\"Nya reserestriktioner tr\u00e4der i kraft den 28.9. - Rederierna i Finland\",\"isPartOf\":{\"@id\":\"https:\\\/\\\/shipowners.fi\\\/#website\"},\"datePublished\":\"2020-09-28T15:14:12+00:00\",\"dateModified\":\"2023-05-02T05:49:06+00:00\",\"author\":{\"@id\":\"https:\\\/\\\/shipowners.fi\\\/#\\\/schema\\\/person\\\/26e906cb91a54d2abb2c4c061ba1fe52\"},\"inLanguage\":\"sv-SE\",\"potentialAction\":[{\"@type\":\"ReadAction\",\"target\":[\"https:\\\/\\\/shipowners.fi\\\/sv\\\/nya-reserestriktioner-fr-o-m-den-28-9\\\/\"]}]},{\"@type\":\"WebSite\",\"@id\":\"https:\\\/\\\/shipowners.fi\\\/#website\",\"url\":\"https:\\\/\\\/shipowners.fi\\\/\",\"name\":\"Rederierna i Finland\",\"description\":\"\",\"potentialAction\":[{\"@type\":\"SearchAction\",\"target\":{\"@type\":\"EntryPoint\",\"urlTemplate\":\"https:\\\/\\\/shipowners.fi\\\/?s={search_term_string}\"},\"query-input\":{\"@type\":\"PropertyValueSpecification\",\"valueRequired\":true,\"valueName\":\"search_term_string\"}}],\"inLanguage\":\"sv-SE\"},{\"@type\":\"Person\",\"@id\":\"https:\\\/\\\/shipowners.fi\\\/#\\\/schema\\\/person\\\/26e906cb91a54d2abb2c4c061ba1fe52\",\"name\":\"maj.jantti\",\"image\":{\"@type\":\"ImageObject\",\"inLanguage\":\"sv-SE\",\"@id\":\"https:\\\/\\\/secure.gravatar.com\\\/avatar\\\/8ab5c6aab73a2fc0feaf4bf2fdda9cfaca9c6069a4e0bc559e89ea55efdac254?s=96&d=mm&r=g\",\"url\":\"https:\\\/\\\/secure.gravatar.com\\\/avatar\\\/8ab5c6aab73a2fc0feaf4bf2fdda9cfaca9c6069a4e0bc559e89ea55efdac254?s=96&d=mm&r=g\",\"contentUrl\":\"https:\\\/\\\/secure.gravatar.com\\\/avatar\\\/8ab5c6aab73a2fc0feaf4bf2fdda9cfaca9c6069a4e0bc559e89ea55efdac254?s=96&d=mm&r=g\",\"caption\":\"maj.jantti\"},\"url\":\"https:\\\/\\\/shipowners.fi\\\/sv\\\/author\\\/maj-jantti\\\/\"}]}<\/script>\n<!-- \/ Yoast SEO plugin. -->","yoast_head_json":{"title":"Nya reserestriktioner tr\u00e4der i kraft den 28.9. - Rederierna i Finland","robots":{"index":"index","follow":"follow","max-snippet":"max-snippet:-1","max-image-preview":"max-image-preview:large","max-video-preview":"max-video-preview:-1"},"canonical":"https:\/\/shipowners.fi\/sv\/nya-reserestriktioner-fr-o-m-den-28-9\/","og_locale":"sv_SE","og_type":"article","og_title":"Nya reserestriktioner tr\u00e4der i kraft den 28.9. - Rederierna i Finland","og_description":"Statsr\u00e5det fattade den 24 september beslut om inreserestriktioner som tr\u00e4der i kraft den 28 september. Inreserestriktionerna inf\u00f6rs p\u00e5 nytt i trafiken mellan Finland och Sverige, Tyskland och Estland, bland andra l\u00e4nder. Restriktionerna betyder, att personer som reser till Finland fr\u00e5n l\u00e4nderna i fr\u00e5ga, rekommenderas h\u00e5lla frivillig karant\u00e4n i 14 dygn. Fr\u00e5n och med m\u00e5ndagen den&hellip;","og_url":"https:\/\/shipowners.fi\/sv\/nya-reserestriktioner-fr-o-m-den-28-9\/","og_site_name":"Rederierna i Finland","article_published_time":"2020-09-28T15:14:12+00:00","article_modified_time":"2023-05-02T05:49:06+00:00","og_image":[{"width":1243,"height":901,"url":"https:\/\/shipowners.fi\/wp-content\/uploads\/2018\/05\/suomenvarustamot_etusivu.jpg","type":"image\/jpeg"}],"author":"maj.jantti","twitter_card":"summary_large_image","twitter_misc":{"Skriven av":"maj.jantti","Ber\u00e4knad l\u00e4stid":"1 minut"},"schema":{"@context":"https:\/\/schema.org","@graph":[{"@type":"Article","@id":"https:\/\/shipowners.fi\/sv\/nya-reserestriktioner-fr-o-m-den-28-9\/#article","isPartOf":{"@id":"https:\/\/shipowners.fi\/sv\/nya-reserestriktioner-fr-o-m-den-28-9\/"},"author":{"name":"maj.jantti","@id":"https:\/\/shipowners.fi\/#\/schema\/person\/26e906cb91a54d2abb2c4c061ba1fe52"},"headline":"Nya reserestriktioner tr\u00e4der i kraft den 28.9.","datePublished":"2020-09-28T15:14:12+00:00","dateModified":"2023-05-02T05:49:06+00:00","mainEntityOfPage":{"@id":"https:\/\/shipowners.fi\/sv\/nya-reserestriktioner-fr-o-m-den-28-9\/"},"wordCount":253,"articleSection":["Press\u00admeddelanden"],"inLanguage":"sv-SE"},{"@type":"WebPage","@id":"https:\/\/shipowners.fi\/sv\/nya-reserestriktioner-fr-o-m-den-28-9\/","url":"https:\/\/shipowners.fi\/sv\/nya-reserestriktioner-fr-o-m-den-28-9\/","name":"Nya reserestriktioner tr\u00e4der i kraft den 28.9. - Rederierna i Finland","isPartOf":{"@id":"https:\/\/shipowners.fi\/#website"},"datePublished":"2020-09-28T15:14:12+00:00","dateModified":"2023-05-02T05:49:06+00:00","author":{"@id":"https:\/\/shipowners.fi\/#\/schema\/person\/26e906cb91a54d2abb2c4c061ba1fe52"},"inLanguage":"sv-SE","potentialAction":[{"@type":"ReadAction","target":["https:\/\/shipowners.fi\/sv\/nya-reserestriktioner-fr-o-m-den-28-9\/"]}]},{"@type":"WebSite","@id":"https:\/\/shipowners.fi\/#website","url":"https:\/\/shipowners.fi\/","name":"Rederierna i Finland","description":"","potentialAction":[{"@type":"SearchAction","target":{"@type":"EntryPoint","urlTemplate":"https:\/\/shipowners.fi\/?s={search_term_string}"},"query-input":{"@type":"PropertyValueSpecification","valueRequired":true,"valueName":"search_term_string"}}],"inLanguage":"sv-SE"},{"@type":"Person","@id":"https:\/\/shipowners.fi\/#\/schema\/person\/26e906cb91a54d2abb2c4c061ba1fe52","name":"maj.jantti","image":{"@type":"ImageObject","inLanguage":"sv-SE","@id":"https:\/\/secure.gravatar.com\/avatar\/8ab5c6aab73a2fc0feaf4bf2fdda9cfaca9c6069a4e0bc559e89ea55efdac254?s=96&d=mm&r=g","url":"https:\/\/secure.gravatar.com\/avatar\/8ab5c6aab73a2fc0feaf4bf2fdda9cfaca9c6069a4e0bc559e89ea55efdac254?s=96&d=mm&r=g","contentUrl":"https:\/\/secure.gravatar.com\/avatar\/8ab5c6aab73a2fc0feaf4bf2fdda9cfaca9c6069a4e0bc559e89ea55efdac254?s=96&d=mm&r=g","caption":"maj.jantti"},"url":"https:\/\/shipowners.fi\/sv\/author\/maj-jantti\/"}]}},"_links":{"self":[{"href":"https:\/\/shipowners.fi\/sv\/wp-json\/wp\/v2\/posts\/6569","targetHints":{"allow":["GET"]}}],"collection":[{"href":"https:\/\/shipowners.fi\/sv\/wp-json\/wp\/v2\/posts"}],"about":[{"href":"https:\/\/shipowners.fi\/sv\/wp-json\/wp\/v2\/types\/post"}],"author":[{"embeddable":true,"href":"https:\/\/shipowners.fi\/sv\/wp-json\/wp\/v2\/users\/2"}],"replies":[{"embeddable":true,"href":"https:\/\/shipowners.fi\/sv\/wp-json\/wp\/v2\/comments?post=6569"}],"version-history":[{"count":4,"href":"https:\/\/shipowners.fi\/sv\/wp-json\/wp\/v2\/posts\/6569\/revisions"}],"predecessor-version":[{"id":6579,"href":"https:\/\/shipowners.fi\/sv\/wp-json\/wp\/v2\/posts\/6569\/revisions\/6579"}],"wp:attachment":[{"href":"https:\/\/shipowners.fi\/sv\/wp-json\/wp\/v2\/media?parent=6569"}],"wp:term":[{"taxonomy":"category","embeddable":true,"href":"https:\/\/shipowners.fi\/sv\/wp-json\/wp\/v2\/categories?post=6569"},{"taxonomy":"post_tag","embeddable":true,"href":"https:\/\/shipowners.fi\/sv\/wp-json\/wp\/v2\/tags?post=6569"}],"curies":[{"name":"wp","href":"https:\/\/api.w.org\/{rel}","templated":true}]}}