{"id":6732,"date":"2020-11-26T16:15:48","date_gmt":"2020-11-26T14:15:48","guid":{"rendered":"https:\/\/shipowners.fi\/?p=6732"},"modified":"2023-05-02T08:49:04","modified_gmt":"2023-05-02T05:49:04","slug":"rederierna-i-finlands-hostmote-beslot-styrelsesammansattning-for-det-kommande-aret-matti-mikael-koskinen-valdes-som-ny-ordforande","status":"publish","type":"post","link":"https:\/\/shipowners.fi\/sv\/rederierna-i-finlands-hostmote-beslot-styrelsesammansattning-for-det-kommande-aret-matti-mikael-koskinen-valdes-som-ny-ordforande\/","title":{"rendered":"Rederierna i Finlands h\u00f6stm\u00f6te besl\u00f6t styrelsesammans\u00e4ttning f\u00f6r det kommande \u00e5ret. Matti-Mikael Koskinen valdes som ny ordf\u00f6rande."},"content":{"rendered":"<p>Rederierna i Finland rf:s h\u00f6stm\u00f6te valde idag den 26.11.2020 styrelsens sammans\u00e4ttning och ordf\u00f6rande. Styrelsen och suppleanter valdes f\u00f6r n\u00e4sta ett\u00e5rsperiod. Styrelsens ordf\u00f6rande valdes f\u00f6r en tv\u00e5-\u00e5rsperiod.<\/p>\n<p>Som Rederierna i Finlands nya ordf\u00f6rande valdes Matti-Mikael Koskinen, verkst\u00e4llande direkt\u00f6r f\u00f6r ESL Shipping Oy, som h\u00f6r till Aspo-koncernen. Koskinen har tidigare agerat som bl.a. vice ordf\u00f6rande f\u00f6r Rederierna i Finlands styrelse, samt representerat Finland i styrelsen f\u00f6r rederiernas paraplyorganisation International Chamber of Shipping.<\/p>\n<p>Styrelsens vice ordf\u00f6randen v\u00e4ljs enligt f\u00f6reningens stadgar p\u00e5 styrelsem\u00f6tet i januari.<\/p>\n<p><em>\u201dDet g\u00e5ngna \u00e5ret har i och med coronapandemin varit ytterst utmanande f\u00f6r rederin\u00e4ringen. Under n\u00e4sta tv\u00e5-\u00e5rsperiod b\u00f6r de finska rederiernas konkurrenskraft och branschens vitalitet f\u00f6rst\u00e4rkas. Ansvarsfullhet och utveckling mot allt l\u00e4gre utsl\u00e4pp kommer starkt att h\u00f6ra till den kommande styrelseperiodens prioriteter.\u201d<\/em> s\u00e4ger Koskinen. <em>\u201dMed tanke p\u00e5 reglering betyder det ocks\u00e5 att Finlands special omst\u00e4ndigheter, som vintersj\u00f6fart, alltid borde tas beaktan.\u201d<\/em> forts\u00e4tter Koskinen.<\/p>\n<p><img loading=\"lazy\" decoding=\"async\" class=\"wp-image-6725 alignnone\" src=\"https:\/\/shipowners.fi\/wp-content\/uploads\/2020\/11\/Mikki-Koskinen-580x960.jpg\" alt=\"\" width=\"439\" height=\"727\" srcset=\"https:\/\/shipowners.fi\/wp-content\/uploads\/2020\/11\/Mikki-Koskinen-580x960.jpg 580w, https:\/\/shipowners.fi\/wp-content\/uploads\/2020\/11\/Mikki-Koskinen-181x300.jpg 181w, https:\/\/shipowners.fi\/wp-content\/uploads\/2020\/11\/Mikki-Koskinen-768x1272.jpg 768w, https:\/\/shipowners.fi\/wp-content\/uploads\/2020\/11\/Mikki-Koskinen-928x1536.jpg 928w, https:\/\/shipowners.fi\/wp-content\/uploads\/2020\/11\/Mikki-Koskinen.jpg 1237w\" sizes=\"auto, (max-width: 439px) 100vw, 439px\" \/><\/p>\n<p>&nbsp;<\/p>\n<p>Styrelsemedlemmar och suppleanter valdes enligt f\u00f6ljande:<\/p>\n<p><strong>Egentliga medlemmar\u00a0\u00a0\u00a0\u00a0\u00a0\u00a0\u00a0\u00a0\u00a0\u00a0\u00a0\u00a0\u00a0\u00a0\u00a0\u00a0\u00a0\u00a0\u00a0\u00a0\u00a0\u00a0\u00a0\u00a0\u00a0\u00a0\u00a0\u00a0\u00a0\u00a0\u00a0\u00a0\u00a0\u00a0\u00a0\u00a0\u00a0 \u00a0\u00a0 Suppleanter<\/strong><\/p>\n<table>\n<tbody>\n<tr>\n<td>Hanses Jan, Viking Line Abp<\/td>\n<td>Boijer-Svahnstr\u00f6m Johanna, Viking Line Abp<\/td>\n<\/tr>\n<tr>\n<td>Koskinen Matti-Mikael, ESL Shipping Oy<\/td>\n<td>Ruda Petter, ESL Shipping Oy<\/td>\n<\/tr>\n<tr>\n<td>Blomqvist Bj\u00f6rn, Rederi Ab Ecker\u00f6<\/td>\n<td>Donning Bo-Gustav, Rederi Ab Ecker\u00f6<\/td>\n<\/tr>\n<tr>\n<td>Kojonen Paavo Navidom Oy<\/td>\n<td>Dufvelin Ari, OSM Ship Management Finland Oy<\/td>\n<\/tr>\n<tr>\n<td>M\u00e4lki\u00e4 Jussi, Meriaura Group Ltd<\/td>\n<td>Jussi Keveri, Alfons H\u00e5kans Oy<\/td>\n<\/tr>\n<tr>\n<td>Langh Hans Oy, Langh Ship Ab<\/td>\n<td>J\u00e4rnefelt Pekka, Containerships Ltd<\/td>\n<\/tr>\n<tr>\n<td>Wid\u00e9n Olof, Godby Shipping Ab<\/td>\n<td>Mikkola Dan, Godby Shipping Ab<\/td>\n<\/tr>\n<tr>\n<td>Modig H\u00e5kan, Bore Ltd<\/td>\n<td>Hild\u00e9n Katarina, Bore Ltd<\/td>\n<\/tr>\n<tr>\n<td>Schults Margus, Tallink Silja Oy<\/td>\n<td>Valtonen Jan, Tallink Silja Oy<\/td>\n<\/tr>\n<tr>\n<td>Visuri Maunu, Arctia Oy<\/td>\n<td>Gr\u00f6nqvist Christian, Prima Shipping Group Ab<\/td>\n<\/tr>\n<tr>\n<td>Doepel Thomas, Finnlines Oy<\/td>\n<td>Laurell Jan, Finnlines Oy<\/td>\n<\/tr>\n<tr>\n<td>St\u00e5hlberg Peter, NLC Ferry Ab Oy<\/td>\n<td>Partanen Antti, Rederi Ab Nathalie<\/td>\n<\/tr>\n<\/tbody>\n<\/table>\n<p>&nbsp;<\/p>\n<p><strong>Till\u00e4ggsinfo ges av:<\/strong><\/p>\n<p>Tiina Tuurnala, Verkst\u00e4llande direkt\u00f6r<\/p>\n<p>+358 40 547 6762<br \/>\n<a href=\"mailto:tiina.tuurnala@shipowners.fi\">tiina.tuurnala@shipowners.fi<\/a><\/p>\n<p>Rederierna i Finland<\/p>\n","protected":false},"excerpt":{"rendered":"<p>Rederierna i Finland rf:s h\u00f6stm\u00f6te valde idag den 26.11.2020 styrelsens sammans\u00e4ttning och ordf\u00f6rande. Styrelsen och suppleanter valdes f\u00f6r n\u00e4sta ett\u00e5rsperiod. Styrelsens ordf\u00f6rande valdes f\u00f6r en tv\u00e5-\u00e5rsperiod. Som Rederierna i Finlands nya ordf\u00f6rande valdes Matti-Mikael Koskinen, verkst\u00e4llande direkt\u00f6r f\u00f6r ESL Shipping Oy, som h\u00f6r till Aspo-koncernen. Koskinen har tidigare agerat som bl.a. vice ordf\u00f6rande f\u00f6r Rederierna&hellip;<\/p>\n","protected":false},"author":2,"featured_media":0,"comment_status":"closed","ping_status":"open","sticky":false,"template":"","format":"standard","meta":{"_acf_changed":false,"footnotes":""},"categories":[3],"tags":[],"class_list":["post-6732","post","type-post","status-publish","format-standard","hentry","category-pressmeddelanden"],"acf":[],"yoast_head":"<!-- This site is optimized with the Yoast SEO plugin v27.5 - https:\/\/yoast.com\/product\/yoast-seo-wordpress\/ -->\n<title>Rederierna i Finlands h\u00f6stm\u00f6te besl\u00f6t styrelsesammans\u00e4ttning f\u00f6r det kommande \u00e5ret. Matti-Mikael Koskinen valdes som ny ordf\u00f6rande. - Rederierna i Finland<\/title>\n<meta name=\"robots\" content=\"index, follow, max-snippet:-1, max-image-preview:large, max-video-preview:-1\" \/>\n<link rel=\"canonical\" href=\"https:\/\/shipowners.fi\/sv\/rederierna-i-finlands-hostmote-beslot-styrelsesammansattning-for-det-kommande-aret-matti-mikael-koskinen-valdes-som-ny-ordforande\/\" \/>\n<meta property=\"og:locale\" content=\"sv_SE\" \/>\n<meta property=\"og:type\" content=\"article\" \/>\n<meta property=\"og:title\" content=\"Rederierna i Finlands h\u00f6stm\u00f6te besl\u00f6t styrelsesammans\u00e4ttning f\u00f6r det kommande \u00e5ret. Matti-Mikael Koskinen valdes som ny ordf\u00f6rande. - Rederierna i Finland\" \/>\n<meta property=\"og:description\" content=\"Rederierna i Finland rf:s h\u00f6stm\u00f6te valde idag den 26.11.2020 styrelsens sammans\u00e4ttning och ordf\u00f6rande. Styrelsen och suppleanter valdes f\u00f6r n\u00e4sta ett\u00e5rsperiod. Styrelsens ordf\u00f6rande valdes f\u00f6r en tv\u00e5-\u00e5rsperiod. Som Rederierna i Finlands nya ordf\u00f6rande valdes Matti-Mikael Koskinen, verkst\u00e4llande direkt\u00f6r f\u00f6r ESL Shipping Oy, som h\u00f6r till Aspo-koncernen. Koskinen har tidigare agerat som bl.a. vice ordf\u00f6rande f\u00f6r Rederierna&hellip;\" \/>\n<meta property=\"og:url\" content=\"https:\/\/shipowners.fi\/sv\/rederierna-i-finlands-hostmote-beslot-styrelsesammansattning-for-det-kommande-aret-matti-mikael-koskinen-valdes-som-ny-ordforande\/\" \/>\n<meta property=\"og:site_name\" content=\"Rederierna i Finland\" \/>\n<meta property=\"article:published_time\" content=\"2020-11-26T14:15:48+00:00\" \/>\n<meta property=\"article:modified_time\" content=\"2023-05-02T05:49:04+00:00\" \/>\n<meta property=\"og:image\" content=\"https:\/\/shipowners.fi\/wp-content\/uploads\/2020\/11\/Mikki-Koskinen-580x960.jpg\" \/>\n<meta name=\"author\" content=\"maj.jantti\" \/>\n<meta name=\"twitter:card\" content=\"summary_large_image\" \/>\n<meta name=\"twitter:label1\" content=\"Skriven av\" \/>\n\t<meta name=\"twitter:data1\" content=\"maj.jantti\" \/>\n\t<meta name=\"twitter:label2\" content=\"Ber\u00e4knad l\u00e4stid\" \/>\n\t<meta name=\"twitter:data2\" content=\"2 minuter\" \/>\n<script type=\"application\/ld+json\" class=\"yoast-schema-graph\">{\"@context\":\"https:\\\/\\\/schema.org\",\"@graph\":[{\"@type\":\"Article\",\"@id\":\"https:\\\/\\\/shipowners.fi\\\/sv\\\/rederierna-i-finlands-hostmote-beslot-styrelsesammansattning-for-det-kommande-aret-matti-mikael-koskinen-valdes-som-ny-ordforande\\\/#article\",\"isPartOf\":{\"@id\":\"https:\\\/\\\/shipowners.fi\\\/sv\\\/rederierna-i-finlands-hostmote-beslot-styrelsesammansattning-for-det-kommande-aret-matti-mikael-koskinen-valdes-som-ny-ordforande\\\/\"},\"author\":{\"name\":\"maj.jantti\",\"@id\":\"https:\\\/\\\/shipowners.fi\\\/#\\\/schema\\\/person\\\/26e906cb91a54d2abb2c4c061ba1fe52\"},\"headline\":\"Rederierna i Finlands h\u00f6stm\u00f6te besl\u00f6t styrelsesammans\u00e4ttning f\u00f6r det kommande \u00e5ret. Matti-Mikael Koskinen valdes som ny ordf\u00f6rande.\",\"datePublished\":\"2020-11-26T14:15:48+00:00\",\"dateModified\":\"2023-05-02T05:49:04+00:00\",\"mainEntityOfPage\":{\"@id\":\"https:\\\/\\\/shipowners.fi\\\/sv\\\/rederierna-i-finlands-hostmote-beslot-styrelsesammansattning-for-det-kommande-aret-matti-mikael-koskinen-valdes-som-ny-ordforande\\\/\"},\"wordCount\":362,\"image\":{\"@id\":\"https:\\\/\\\/shipowners.fi\\\/sv\\\/rederierna-i-finlands-hostmote-beslot-styrelsesammansattning-for-det-kommande-aret-matti-mikael-koskinen-valdes-som-ny-ordforande\\\/#primaryimage\"},\"thumbnailUrl\":\"https:\\\/\\\/shipowners.fi\\\/wp-content\\\/uploads\\\/2020\\\/11\\\/Mikki-Koskinen-580x960.jpg\",\"articleSection\":[\"Press\u00admeddelanden\"],\"inLanguage\":\"sv-SE\"},{\"@type\":\"WebPage\",\"@id\":\"https:\\\/\\\/shipowners.fi\\\/sv\\\/rederierna-i-finlands-hostmote-beslot-styrelsesammansattning-for-det-kommande-aret-matti-mikael-koskinen-valdes-som-ny-ordforande\\\/\",\"url\":\"https:\\\/\\\/shipowners.fi\\\/sv\\\/rederierna-i-finlands-hostmote-beslot-styrelsesammansattning-for-det-kommande-aret-matti-mikael-koskinen-valdes-som-ny-ordforande\\\/\",\"name\":\"Rederierna i Finlands h\u00f6stm\u00f6te besl\u00f6t styrelsesammans\u00e4ttning f\u00f6r det kommande \u00e5ret. Matti-Mikael Koskinen valdes som ny ordf\u00f6rande. - Rederierna i Finland\",\"isPartOf\":{\"@id\":\"https:\\\/\\\/shipowners.fi\\\/#website\"},\"primaryImageOfPage\":{\"@id\":\"https:\\\/\\\/shipowners.fi\\\/sv\\\/rederierna-i-finlands-hostmote-beslot-styrelsesammansattning-for-det-kommande-aret-matti-mikael-koskinen-valdes-som-ny-ordforande\\\/#primaryimage\"},\"image\":{\"@id\":\"https:\\\/\\\/shipowners.fi\\\/sv\\\/rederierna-i-finlands-hostmote-beslot-styrelsesammansattning-for-det-kommande-aret-matti-mikael-koskinen-valdes-som-ny-ordforande\\\/#primaryimage\"},\"thumbnailUrl\":\"https:\\\/\\\/shipowners.fi\\\/wp-content\\\/uploads\\\/2020\\\/11\\\/Mikki-Koskinen-580x960.jpg\",\"datePublished\":\"2020-11-26T14:15:48+00:00\",\"dateModified\":\"2023-05-02T05:49:04+00:00\",\"author\":{\"@id\":\"https:\\\/\\\/shipowners.fi\\\/#\\\/schema\\\/person\\\/26e906cb91a54d2abb2c4c061ba1fe52\"},\"inLanguage\":\"sv-SE\",\"potentialAction\":[{\"@type\":\"ReadAction\",\"target\":[\"https:\\\/\\\/shipowners.fi\\\/sv\\\/rederierna-i-finlands-hostmote-beslot-styrelsesammansattning-for-det-kommande-aret-matti-mikael-koskinen-valdes-som-ny-ordforande\\\/\"]}]},{\"@type\":\"ImageObject\",\"inLanguage\":\"sv-SE\",\"@id\":\"https:\\\/\\\/shipowners.fi\\\/sv\\\/rederierna-i-finlands-hostmote-beslot-styrelsesammansattning-for-det-kommande-aret-matti-mikael-koskinen-valdes-som-ny-ordforande\\\/#primaryimage\",\"url\":\"https:\\\/\\\/shipowners.fi\\\/wp-content\\\/uploads\\\/2020\\\/11\\\/Mikki-Koskinen-580x960.jpg\",\"contentUrl\":\"https:\\\/\\\/shipowners.fi\\\/wp-content\\\/uploads\\\/2020\\\/11\\\/Mikki-Koskinen-580x960.jpg\"},{\"@type\":\"WebSite\",\"@id\":\"https:\\\/\\\/shipowners.fi\\\/#website\",\"url\":\"https:\\\/\\\/shipowners.fi\\\/\",\"name\":\"Rederierna i Finland\",\"description\":\"\",\"potentialAction\":[{\"@type\":\"SearchAction\",\"target\":{\"@type\":\"EntryPoint\",\"urlTemplate\":\"https:\\\/\\\/shipowners.fi\\\/?s={search_term_string}\"},\"query-input\":{\"@type\":\"PropertyValueSpecification\",\"valueRequired\":true,\"valueName\":\"search_term_string\"}}],\"inLanguage\":\"sv-SE\"},{\"@type\":\"Person\",\"@id\":\"https:\\\/\\\/shipowners.fi\\\/#\\\/schema\\\/person\\\/26e906cb91a54d2abb2c4c061ba1fe52\",\"name\":\"maj.jantti\",\"image\":{\"@type\":\"ImageObject\",\"inLanguage\":\"sv-SE\",\"@id\":\"https:\\\/\\\/secure.gravatar.com\\\/avatar\\\/8ab5c6aab73a2fc0feaf4bf2fdda9cfaca9c6069a4e0bc559e89ea55efdac254?s=96&d=mm&r=g\",\"url\":\"https:\\\/\\\/secure.gravatar.com\\\/avatar\\\/8ab5c6aab73a2fc0feaf4bf2fdda9cfaca9c6069a4e0bc559e89ea55efdac254?s=96&d=mm&r=g\",\"contentUrl\":\"https:\\\/\\\/secure.gravatar.com\\\/avatar\\\/8ab5c6aab73a2fc0feaf4bf2fdda9cfaca9c6069a4e0bc559e89ea55efdac254?s=96&d=mm&r=g\",\"caption\":\"maj.jantti\"},\"url\":\"https:\\\/\\\/shipowners.fi\\\/sv\\\/author\\\/maj-jantti\\\/\"}]}<\/script>\n<!-- \/ Yoast SEO plugin. -->","yoast_head_json":{"title":"Rederierna i Finlands h\u00f6stm\u00f6te besl\u00f6t styrelsesammans\u00e4ttning f\u00f6r det kommande \u00e5ret. Matti-Mikael Koskinen valdes som ny ordf\u00f6rande. - Rederierna i Finland","robots":{"index":"index","follow":"follow","max-snippet":"max-snippet:-1","max-image-preview":"max-image-preview:large","max-video-preview":"max-video-preview:-1"},"canonical":"https:\/\/shipowners.fi\/sv\/rederierna-i-finlands-hostmote-beslot-styrelsesammansattning-for-det-kommande-aret-matti-mikael-koskinen-valdes-som-ny-ordforande\/","og_locale":"sv_SE","og_type":"article","og_title":"Rederierna i Finlands h\u00f6stm\u00f6te besl\u00f6t styrelsesammans\u00e4ttning f\u00f6r det kommande \u00e5ret. Matti-Mikael Koskinen valdes som ny ordf\u00f6rande. - Rederierna i Finland","og_description":"Rederierna i Finland rf:s h\u00f6stm\u00f6te valde idag den 26.11.2020 styrelsens sammans\u00e4ttning och ordf\u00f6rande. Styrelsen och suppleanter valdes f\u00f6r n\u00e4sta ett\u00e5rsperiod. Styrelsens ordf\u00f6rande valdes f\u00f6r en tv\u00e5-\u00e5rsperiod. Som Rederierna i Finlands nya ordf\u00f6rande valdes Matti-Mikael Koskinen, verkst\u00e4llande direkt\u00f6r f\u00f6r ESL Shipping Oy, som h\u00f6r till Aspo-koncernen. Koskinen har tidigare agerat som bl.a. vice ordf\u00f6rande f\u00f6r Rederierna&hellip;","og_url":"https:\/\/shipowners.fi\/sv\/rederierna-i-finlands-hostmote-beslot-styrelsesammansattning-for-det-kommande-aret-matti-mikael-koskinen-valdes-som-ny-ordforande\/","og_site_name":"Rederierna i Finland","article_published_time":"2020-11-26T14:15:48+00:00","article_modified_time":"2023-05-02T05:49:04+00:00","og_image":[{"url":"https:\/\/shipowners.fi\/wp-content\/uploads\/2020\/11\/Mikki-Koskinen-580x960.jpg","type":"","width":"","height":""}],"author":"maj.jantti","twitter_card":"summary_large_image","twitter_misc":{"Skriven av":"maj.jantti","Ber\u00e4knad l\u00e4stid":"2 minuter"},"schema":{"@context":"https:\/\/schema.org","@graph":[{"@type":"Article","@id":"https:\/\/shipowners.fi\/sv\/rederierna-i-finlands-hostmote-beslot-styrelsesammansattning-for-det-kommande-aret-matti-mikael-koskinen-valdes-som-ny-ordforande\/#article","isPartOf":{"@id":"https:\/\/shipowners.fi\/sv\/rederierna-i-finlands-hostmote-beslot-styrelsesammansattning-for-det-kommande-aret-matti-mikael-koskinen-valdes-som-ny-ordforande\/"},"author":{"name":"maj.jantti","@id":"https:\/\/shipowners.fi\/#\/schema\/person\/26e906cb91a54d2abb2c4c061ba1fe52"},"headline":"Rederierna i Finlands h\u00f6stm\u00f6te besl\u00f6t styrelsesammans\u00e4ttning f\u00f6r det kommande \u00e5ret. Matti-Mikael Koskinen valdes som ny ordf\u00f6rande.","datePublished":"2020-11-26T14:15:48+00:00","dateModified":"2023-05-02T05:49:04+00:00","mainEntityOfPage":{"@id":"https:\/\/shipowners.fi\/sv\/rederierna-i-finlands-hostmote-beslot-styrelsesammansattning-for-det-kommande-aret-matti-mikael-koskinen-valdes-som-ny-ordforande\/"},"wordCount":362,"image":{"@id":"https:\/\/shipowners.fi\/sv\/rederierna-i-finlands-hostmote-beslot-styrelsesammansattning-for-det-kommande-aret-matti-mikael-koskinen-valdes-som-ny-ordforande\/#primaryimage"},"thumbnailUrl":"https:\/\/shipowners.fi\/wp-content\/uploads\/2020\/11\/Mikki-Koskinen-580x960.jpg","articleSection":["Press\u00admeddelanden"],"inLanguage":"sv-SE"},{"@type":"WebPage","@id":"https:\/\/shipowners.fi\/sv\/rederierna-i-finlands-hostmote-beslot-styrelsesammansattning-for-det-kommande-aret-matti-mikael-koskinen-valdes-som-ny-ordforande\/","url":"https:\/\/shipowners.fi\/sv\/rederierna-i-finlands-hostmote-beslot-styrelsesammansattning-for-det-kommande-aret-matti-mikael-koskinen-valdes-som-ny-ordforande\/","name":"Rederierna i Finlands h\u00f6stm\u00f6te besl\u00f6t styrelsesammans\u00e4ttning f\u00f6r det kommande \u00e5ret. Matti-Mikael Koskinen valdes som ny ordf\u00f6rande. - Rederierna i Finland","isPartOf":{"@id":"https:\/\/shipowners.fi\/#website"},"primaryImageOfPage":{"@id":"https:\/\/shipowners.fi\/sv\/rederierna-i-finlands-hostmote-beslot-styrelsesammansattning-for-det-kommande-aret-matti-mikael-koskinen-valdes-som-ny-ordforande\/#primaryimage"},"image":{"@id":"https:\/\/shipowners.fi\/sv\/rederierna-i-finlands-hostmote-beslot-styrelsesammansattning-for-det-kommande-aret-matti-mikael-koskinen-valdes-som-ny-ordforande\/#primaryimage"},"thumbnailUrl":"https:\/\/shipowners.fi\/wp-content\/uploads\/2020\/11\/Mikki-Koskinen-580x960.jpg","datePublished":"2020-11-26T14:15:48+00:00","dateModified":"2023-05-02T05:49:04+00:00","author":{"@id":"https:\/\/shipowners.fi\/#\/schema\/person\/26e906cb91a54d2abb2c4c061ba1fe52"},"inLanguage":"sv-SE","potentialAction":[{"@type":"ReadAction","target":["https:\/\/shipowners.fi\/sv\/rederierna-i-finlands-hostmote-beslot-styrelsesammansattning-for-det-kommande-aret-matti-mikael-koskinen-valdes-som-ny-ordforande\/"]}]},{"@type":"ImageObject","inLanguage":"sv-SE","@id":"https:\/\/shipowners.fi\/sv\/rederierna-i-finlands-hostmote-beslot-styrelsesammansattning-for-det-kommande-aret-matti-mikael-koskinen-valdes-som-ny-ordforande\/#primaryimage","url":"https:\/\/shipowners.fi\/wp-content\/uploads\/2020\/11\/Mikki-Koskinen-580x960.jpg","contentUrl":"https:\/\/shipowners.fi\/wp-content\/uploads\/2020\/11\/Mikki-Koskinen-580x960.jpg"},{"@type":"WebSite","@id":"https:\/\/shipowners.fi\/#website","url":"https:\/\/shipowners.fi\/","name":"Rederierna i Finland","description":"","potentialAction":[{"@type":"SearchAction","target":{"@type":"EntryPoint","urlTemplate":"https:\/\/shipowners.fi\/?s={search_term_string}"},"query-input":{"@type":"PropertyValueSpecification","valueRequired":true,"valueName":"search_term_string"}}],"inLanguage":"sv-SE"},{"@type":"Person","@id":"https:\/\/shipowners.fi\/#\/schema\/person\/26e906cb91a54d2abb2c4c061ba1fe52","name":"maj.jantti","image":{"@type":"ImageObject","inLanguage":"sv-SE","@id":"https:\/\/secure.gravatar.com\/avatar\/8ab5c6aab73a2fc0feaf4bf2fdda9cfaca9c6069a4e0bc559e89ea55efdac254?s=96&d=mm&r=g","url":"https:\/\/secure.gravatar.com\/avatar\/8ab5c6aab73a2fc0feaf4bf2fdda9cfaca9c6069a4e0bc559e89ea55efdac254?s=96&d=mm&r=g","contentUrl":"https:\/\/secure.gravatar.com\/avatar\/8ab5c6aab73a2fc0feaf4bf2fdda9cfaca9c6069a4e0bc559e89ea55efdac254?s=96&d=mm&r=g","caption":"maj.jantti"},"url":"https:\/\/shipowners.fi\/sv\/author\/maj-jantti\/"}]}},"_links":{"self":[{"href":"https:\/\/shipowners.fi\/sv\/wp-json\/wp\/v2\/posts\/6732","targetHints":{"allow":["GET"]}}],"collection":[{"href":"https:\/\/shipowners.fi\/sv\/wp-json\/wp\/v2\/posts"}],"about":[{"href":"https:\/\/shipowners.fi\/sv\/wp-json\/wp\/v2\/types\/post"}],"author":[{"embeddable":true,"href":"https:\/\/shipowners.fi\/sv\/wp-json\/wp\/v2\/users\/2"}],"replies":[{"embeddable":true,"href":"https:\/\/shipowners.fi\/sv\/wp-json\/wp\/v2\/comments?post=6732"}],"version-history":[{"count":3,"href":"https:\/\/shipowners.fi\/sv\/wp-json\/wp\/v2\/posts\/6732\/revisions"}],"predecessor-version":[{"id":6736,"href":"https:\/\/shipowners.fi\/sv\/wp-json\/wp\/v2\/posts\/6732\/revisions\/6736"}],"wp:attachment":[{"href":"https:\/\/shipowners.fi\/sv\/wp-json\/wp\/v2\/media?parent=6732"}],"wp:term":[{"taxonomy":"category","embeddable":true,"href":"https:\/\/shipowners.fi\/sv\/wp-json\/wp\/v2\/categories?post=6732"},{"taxonomy":"post_tag","embeddable":true,"href":"https:\/\/shipowners.fi\/sv\/wp-json\/wp\/v2\/tags?post=6732"}],"curies":[{"name":"wp","href":"https:\/\/api.w.org\/{rel}","templated":true}]}}