{"id":7463,"date":"2021-06-21T11:57:38","date_gmt":"2021-06-21T08:57:38","guid":{"rendered":"https:\/\/shipowners.fi\/?p=7463"},"modified":"2023-05-02T08:48:55","modified_gmt":"2023-05-02T05:48:55","slug":"inreserestriktionerna-lattar-viking-line-oppnar-upp-trafiken-till-stockholm","status":"publish","type":"post","link":"https:\/\/shipowners.fi\/sv\/inreserestriktionerna-lattar-viking-line-oppnar-upp-trafiken-till-stockholm\/","title":{"rendered":"Inreserestriktionerna l\u00e4ttar &#8211; Viking Line \u00f6ppnar upp trafiken till Stockholm"},"content":{"rendered":"<p><strong>Finland l\u00e4ttar upp inreserestriktionerna fr\u00e5n och med den 21 juni 2021. Alla inom Schengen och EU till\u00e5ts att komma in i landet om de f\u00e5tt tv\u00e5 vaccindoser eller genomg\u00e5tt en dokumenterad covidinfektion under senaste halv\u00e5r. S\u00e4rskilda sk\u00e4l f\u00f6r resan eller covidtester kr\u00e4vs inte om man uppfyller dessa f\u00f6ruts\u00e4ttningar. Viking Line \u00f6ppnar d\u00e4rmed upp trafiken mellan Helsingfors och Stockholm med start fr\u00e5n Helsingfors den 6 juli.<\/strong><\/p>\n<p>Viking Lines trafik mellan Helsingfors och Stockholm har st\u00e5tt still sedan mars 2020. Fr\u00e5n och med den 21 juni 2021 l\u00e4ttar Finlands regering upp inreserestriktionerna s\u00e5 att fritids- och arbetsresande \u00e5ter till\u00e5ts f\u00f6r alla inom Schengen och EU som uppfyller kvarst\u00e5ende villkor.<\/p>\n<p>Den 6 juli\u00a0g\u00f6r M\/S Gabriella sin f\u00f6rsta resa enligt ordinarie tidtabell fr\u00e5n Helsingfors. Viking Line erbjuder d\u00e4refter avg\u00e5ngar fr\u00e5n Helsingfors via Mariehamn\u00a0\u00a0 till Stockholm de datum under sommaren som Gabriella inte g\u00f6r specialkryssningar till andra destinationer. D\u00e4refter kommer fartyget att kontinuerligt g\u00e5 fr\u00e5n Stockholm till Helsingfors varannan dag.<\/p>\n<p>\u2013 Med beaktande av att pandemil\u00e4get nu l\u00e4ttat s\u00e5 tar vi tacksamt emot detta myndighetsbeslut. Vi ser fram emot att f\u00e5 ig\u00e5ng en normal trafik mellan v\u00e5ra grannl\u00e4nder efter att resandet varit avst\u00e4ngt under en s\u00e5 l\u00e5ng tid. Vi \u00e4r m\u00e5nga som saknat denna naturliga trafikf\u00f6rbindelse, s\u00e4ger <strong>Jan Hanses<\/strong>, vd f\u00f6r Viking Line.<\/p>\n<p>Rederierna f\u00f6ruts\u00e4tter tillsvidare, enligt THL:s rekommendation, intyg om minst en dos coronavirusvaccin, intyg om negativt coronavirustest, eller intyg om att man redan haft coronavirusinfektion av alla passagerare som reser till Finland. Kryssningspassagerare, som inte varit i land i ett annat land, och under 16-\u00e5riga barn beh\u00f6ver inte ha intyg.<\/p>\n<p>D\u00e5 innergr\u00e4nskontroll \u00e4r i kraft, genomf\u00f6r myndigheterna h\u00e4lsokontroller vid gr\u00e4nsen. <strong>Tv\u00e5 coronavirusvaccinationer eller intyg om att man redan haft coronavirusinfektion befrias fr\u00e5n alla coronatest.<\/strong> Passagerare som har f\u00f6rhandstestintyg, eller har intyg om att ha f\u00e5tt en dos vaccin som tagits minst tv\u00e5 veckor innan, beh\u00f6ver inte testas vid gr\u00e4nsen. <a href=\"https:\/\/app.finentry.fi\/\" target=\"_blank\" rel=\"nofollow noopener\">Anv\u00e4ndning av Finentry<\/a> rekommenderas f\u00f6r att g\u00f6ra inresandet smidigare hamnarna. Via Finentry kan man fylla i sina reseuppgifter 24h innan resan och boka tid till ett avgiftsfritt coronatest i Finland.<\/p>\n<p><strong>F\u00f6r att kunna resa in i Finland utan s\u00e4rskilda sk\u00e4l kr\u00e4vs fr\u00e5n och med den 21 juni 2021 n\u00e5got av f\u00f6ljande: <\/strong><\/p>\n<ul>\n<li>Tv\u00e5 vaccinationsdoser senast tv\u00e5 veckor innan avresa.<\/li>\n<li>Dokumenterat genomg\u00e5ngen covidinfektion senast 6 m\u00e5nader innan avresa.<\/li>\n<li>Resen\u00e4rer under 16 \u00e5r kan resa utan att uppfylla ovanst\u00e5ende villkor.<\/li>\n<li>Det \u00e4r alltid resen\u00e4rens ansvar att se till att n\u00f6dv\u00e4ndiga villkor f\u00f6r inresa till Finland uppfylls. F\u00f6r detaljer om vilka villkor och dokument som kr\u00e4vs se <a href=\"https:\/\/www.vikingline.fi\/sv-fi\/hitta-resa\/tidtabeller-anslutningar\/trafikavvikelser\/\" target=\"_blank\" rel=\"nofollow noopener\">v\u00e5ra sidor<\/a>, <a href=\"https:\/\/valtioneuvosto.fi\/-\/1410869\/maahantuloa-suomeen-helpotetaan-eu-ja-schengen-maista-21.6.-alkaen\" target=\"_blank\" rel=\"nofollow noopener\">finska inrikesministeriets information<\/a> respektive <a href=\"https:\/\/raja.fi\/sv\/anvisningar-om-gransovergang-corona\" target=\"_blank\" rel=\"nofollow noopener\">finska gr\u00e4nsbevakningens information<\/a><\/li>\n<\/ul>\n<p>&nbsp;<\/p>\n<p><strong>N\u00e4rmare information: <\/strong><\/p>\n<p>Johanna Boijer-Svahnstr\u00f6m, informationsdirekt\u00f6r<\/p>\n<p>johanna.boijer@vikingline.com, tfn +358 18 270 00<\/p>\n<p>Christa Gr\u00f6nlund, informationschef<\/p>\n<p>christa.gronlund@vikingline.com, tfn +358 9 123 5242<\/p>\n","protected":false},"excerpt":{"rendered":"<p>Finland l\u00e4ttar upp inreserestriktionerna fr\u00e5n och med den 21 juni 2021. Alla inom Schengen och EU till\u00e5ts att komma in i landet om de f\u00e5tt tv\u00e5 vaccindoser eller genomg\u00e5tt en dokumenterad covidinfektion under senaste halv\u00e5r. S\u00e4rskilda sk\u00e4l f\u00f6r resan eller covidtester kr\u00e4vs inte om man uppfyller dessa f\u00f6ruts\u00e4ttningar. Viking Line \u00f6ppnar d\u00e4rmed upp trafiken mellan&hellip;<\/p>\n","protected":false},"author":2,"featured_media":0,"comment_status":"closed","ping_status":"open","sticky":false,"template":"","format":"standard","meta":{"_acf_changed":false,"footnotes":""},"categories":[38],"tags":[],"class_list":["post-7463","post","type-post","status-publish","format-standard","hentry","category-fran-vara-rederier"],"acf":[],"yoast_head":"<!-- This site is optimized with the Yoast SEO plugin v27.5 - https:\/\/yoast.com\/product\/yoast-seo-wordpress\/ -->\n<title>Inreserestriktionerna l\u00e4ttar - Viking Line \u00f6ppnar upp trafiken till Stockholm - Rederierna i Finland<\/title>\n<meta name=\"robots\" content=\"index, follow, max-snippet:-1, max-image-preview:large, max-video-preview:-1\" \/>\n<link rel=\"canonical\" href=\"https:\/\/shipowners.fi\/sv\/inreserestriktionerna-lattar-viking-line-oppnar-upp-trafiken-till-stockholm\/\" \/>\n<meta property=\"og:locale\" content=\"sv_SE\" \/>\n<meta property=\"og:type\" content=\"article\" \/>\n<meta property=\"og:title\" content=\"Inreserestriktionerna l\u00e4ttar - Viking Line \u00f6ppnar upp trafiken till Stockholm - Rederierna i Finland\" \/>\n<meta property=\"og:description\" content=\"Finland l\u00e4ttar upp inreserestriktionerna fr\u00e5n och med den 21 juni 2021. Alla inom Schengen och EU till\u00e5ts att komma in i landet om de f\u00e5tt tv\u00e5 vaccindoser eller genomg\u00e5tt en dokumenterad covidinfektion under senaste halv\u00e5r. S\u00e4rskilda sk\u00e4l f\u00f6r resan eller covidtester kr\u00e4vs inte om man uppfyller dessa f\u00f6ruts\u00e4ttningar. Viking Line \u00f6ppnar d\u00e4rmed upp trafiken mellan&hellip;\" \/>\n<meta property=\"og:url\" content=\"https:\/\/shipowners.fi\/sv\/inreserestriktionerna-lattar-viking-line-oppnar-upp-trafiken-till-stockholm\/\" \/>\n<meta property=\"og:site_name\" content=\"Rederierna i Finland\" \/>\n<meta property=\"article:published_time\" content=\"2021-06-21T08:57:38+00:00\" \/>\n<meta property=\"article:modified_time\" content=\"2023-05-02T05:48:55+00:00\" \/>\n<meta property=\"og:image\" content=\"https:\/\/shipowners.fi\/wp-content\/uploads\/2018\/05\/suomenvarustamot_etusivu.jpg\" \/>\n\t<meta property=\"og:image:width\" content=\"1243\" \/>\n\t<meta property=\"og:image:height\" content=\"901\" \/>\n\t<meta property=\"og:image:type\" content=\"image\/jpeg\" \/>\n<meta name=\"author\" content=\"maj.jantti\" \/>\n<meta name=\"twitter:card\" content=\"summary_large_image\" \/>\n<meta name=\"twitter:label1\" content=\"Skriven av\" \/>\n\t<meta name=\"twitter:data1\" content=\"maj.jantti\" \/>\n\t<meta name=\"twitter:label2\" content=\"Ber\u00e4knad l\u00e4stid\" \/>\n\t<meta name=\"twitter:data2\" content=\"2 minuter\" \/>\n<script type=\"application\/ld+json\" class=\"yoast-schema-graph\">{\"@context\":\"https:\\\/\\\/schema.org\",\"@graph\":[{\"@type\":\"Article\",\"@id\":\"https:\\\/\\\/shipowners.fi\\\/sv\\\/inreserestriktionerna-lattar-viking-line-oppnar-upp-trafiken-till-stockholm\\\/#article\",\"isPartOf\":{\"@id\":\"https:\\\/\\\/shipowners.fi\\\/sv\\\/inreserestriktionerna-lattar-viking-line-oppnar-upp-trafiken-till-stockholm\\\/\"},\"author\":{\"name\":\"maj.jantti\",\"@id\":\"https:\\\/\\\/shipowners.fi\\\/#\\\/schema\\\/person\\\/26e906cb91a54d2abb2c4c061ba1fe52\"},\"headline\":\"Inreserestriktionerna l\u00e4ttar &#8211; Viking Line \u00f6ppnar upp trafiken till Stockholm\",\"datePublished\":\"2021-06-21T08:57:38+00:00\",\"dateModified\":\"2023-05-02T05:48:55+00:00\",\"mainEntityOfPage\":{\"@id\":\"https:\\\/\\\/shipowners.fi\\\/sv\\\/inreserestriktionerna-lattar-viking-line-oppnar-upp-trafiken-till-stockholm\\\/\"},\"wordCount\":518,\"articleSection\":[\"Fr\u00e5n v\u00e5ra rederier\"],\"inLanguage\":\"sv-SE\"},{\"@type\":\"WebPage\",\"@id\":\"https:\\\/\\\/shipowners.fi\\\/sv\\\/inreserestriktionerna-lattar-viking-line-oppnar-upp-trafiken-till-stockholm\\\/\",\"url\":\"https:\\\/\\\/shipowners.fi\\\/sv\\\/inreserestriktionerna-lattar-viking-line-oppnar-upp-trafiken-till-stockholm\\\/\",\"name\":\"Inreserestriktionerna l\u00e4ttar - Viking Line \u00f6ppnar upp trafiken till Stockholm - Rederierna i Finland\",\"isPartOf\":{\"@id\":\"https:\\\/\\\/shipowners.fi\\\/#website\"},\"datePublished\":\"2021-06-21T08:57:38+00:00\",\"dateModified\":\"2023-05-02T05:48:55+00:00\",\"author\":{\"@id\":\"https:\\\/\\\/shipowners.fi\\\/#\\\/schema\\\/person\\\/26e906cb91a54d2abb2c4c061ba1fe52\"},\"inLanguage\":\"sv-SE\",\"potentialAction\":[{\"@type\":\"ReadAction\",\"target\":[\"https:\\\/\\\/shipowners.fi\\\/sv\\\/inreserestriktionerna-lattar-viking-line-oppnar-upp-trafiken-till-stockholm\\\/\"]}]},{\"@type\":\"WebSite\",\"@id\":\"https:\\\/\\\/shipowners.fi\\\/#website\",\"url\":\"https:\\\/\\\/shipowners.fi\\\/\",\"name\":\"Rederierna i Finland\",\"description\":\"\",\"potentialAction\":[{\"@type\":\"SearchAction\",\"target\":{\"@type\":\"EntryPoint\",\"urlTemplate\":\"https:\\\/\\\/shipowners.fi\\\/?s={search_term_string}\"},\"query-input\":{\"@type\":\"PropertyValueSpecification\",\"valueRequired\":true,\"valueName\":\"search_term_string\"}}],\"inLanguage\":\"sv-SE\"},{\"@type\":\"Person\",\"@id\":\"https:\\\/\\\/shipowners.fi\\\/#\\\/schema\\\/person\\\/26e906cb91a54d2abb2c4c061ba1fe52\",\"name\":\"maj.jantti\",\"image\":{\"@type\":\"ImageObject\",\"inLanguage\":\"sv-SE\",\"@id\":\"https:\\\/\\\/secure.gravatar.com\\\/avatar\\\/8ab5c6aab73a2fc0feaf4bf2fdda9cfaca9c6069a4e0bc559e89ea55efdac254?s=96&d=mm&r=g\",\"url\":\"https:\\\/\\\/secure.gravatar.com\\\/avatar\\\/8ab5c6aab73a2fc0feaf4bf2fdda9cfaca9c6069a4e0bc559e89ea55efdac254?s=96&d=mm&r=g\",\"contentUrl\":\"https:\\\/\\\/secure.gravatar.com\\\/avatar\\\/8ab5c6aab73a2fc0feaf4bf2fdda9cfaca9c6069a4e0bc559e89ea55efdac254?s=96&d=mm&r=g\",\"caption\":\"maj.jantti\"},\"url\":\"https:\\\/\\\/shipowners.fi\\\/sv\\\/author\\\/maj-jantti\\\/\"}]}<\/script>\n<!-- \/ Yoast SEO plugin. -->","yoast_head_json":{"title":"Inreserestriktionerna l\u00e4ttar - Viking Line \u00f6ppnar upp trafiken till Stockholm - Rederierna i Finland","robots":{"index":"index","follow":"follow","max-snippet":"max-snippet:-1","max-image-preview":"max-image-preview:large","max-video-preview":"max-video-preview:-1"},"canonical":"https:\/\/shipowners.fi\/sv\/inreserestriktionerna-lattar-viking-line-oppnar-upp-trafiken-till-stockholm\/","og_locale":"sv_SE","og_type":"article","og_title":"Inreserestriktionerna l\u00e4ttar - Viking Line \u00f6ppnar upp trafiken till Stockholm - Rederierna i Finland","og_description":"Finland l\u00e4ttar upp inreserestriktionerna fr\u00e5n och med den 21 juni 2021. Alla inom Schengen och EU till\u00e5ts att komma in i landet om de f\u00e5tt tv\u00e5 vaccindoser eller genomg\u00e5tt en dokumenterad covidinfektion under senaste halv\u00e5r. S\u00e4rskilda sk\u00e4l f\u00f6r resan eller covidtester kr\u00e4vs inte om man uppfyller dessa f\u00f6ruts\u00e4ttningar. Viking Line \u00f6ppnar d\u00e4rmed upp trafiken mellan&hellip;","og_url":"https:\/\/shipowners.fi\/sv\/inreserestriktionerna-lattar-viking-line-oppnar-upp-trafiken-till-stockholm\/","og_site_name":"Rederierna i Finland","article_published_time":"2021-06-21T08:57:38+00:00","article_modified_time":"2023-05-02T05:48:55+00:00","og_image":[{"width":1243,"height":901,"url":"https:\/\/shipowners.fi\/wp-content\/uploads\/2018\/05\/suomenvarustamot_etusivu.jpg","type":"image\/jpeg"}],"author":"maj.jantti","twitter_card":"summary_large_image","twitter_misc":{"Skriven av":"maj.jantti","Ber\u00e4knad l\u00e4stid":"2 minuter"},"schema":{"@context":"https:\/\/schema.org","@graph":[{"@type":"Article","@id":"https:\/\/shipowners.fi\/sv\/inreserestriktionerna-lattar-viking-line-oppnar-upp-trafiken-till-stockholm\/#article","isPartOf":{"@id":"https:\/\/shipowners.fi\/sv\/inreserestriktionerna-lattar-viking-line-oppnar-upp-trafiken-till-stockholm\/"},"author":{"name":"maj.jantti","@id":"https:\/\/shipowners.fi\/#\/schema\/person\/26e906cb91a54d2abb2c4c061ba1fe52"},"headline":"Inreserestriktionerna l\u00e4ttar &#8211; Viking Line \u00f6ppnar upp trafiken till Stockholm","datePublished":"2021-06-21T08:57:38+00:00","dateModified":"2023-05-02T05:48:55+00:00","mainEntityOfPage":{"@id":"https:\/\/shipowners.fi\/sv\/inreserestriktionerna-lattar-viking-line-oppnar-upp-trafiken-till-stockholm\/"},"wordCount":518,"articleSection":["Fr\u00e5n v\u00e5ra rederier"],"inLanguage":"sv-SE"},{"@type":"WebPage","@id":"https:\/\/shipowners.fi\/sv\/inreserestriktionerna-lattar-viking-line-oppnar-upp-trafiken-till-stockholm\/","url":"https:\/\/shipowners.fi\/sv\/inreserestriktionerna-lattar-viking-line-oppnar-upp-trafiken-till-stockholm\/","name":"Inreserestriktionerna l\u00e4ttar - Viking Line \u00f6ppnar upp trafiken till Stockholm - Rederierna i Finland","isPartOf":{"@id":"https:\/\/shipowners.fi\/#website"},"datePublished":"2021-06-21T08:57:38+00:00","dateModified":"2023-05-02T05:48:55+00:00","author":{"@id":"https:\/\/shipowners.fi\/#\/schema\/person\/26e906cb91a54d2abb2c4c061ba1fe52"},"inLanguage":"sv-SE","potentialAction":[{"@type":"ReadAction","target":["https:\/\/shipowners.fi\/sv\/inreserestriktionerna-lattar-viking-line-oppnar-upp-trafiken-till-stockholm\/"]}]},{"@type":"WebSite","@id":"https:\/\/shipowners.fi\/#website","url":"https:\/\/shipowners.fi\/","name":"Rederierna i Finland","description":"","potentialAction":[{"@type":"SearchAction","target":{"@type":"EntryPoint","urlTemplate":"https:\/\/shipowners.fi\/?s={search_term_string}"},"query-input":{"@type":"PropertyValueSpecification","valueRequired":true,"valueName":"search_term_string"}}],"inLanguage":"sv-SE"},{"@type":"Person","@id":"https:\/\/shipowners.fi\/#\/schema\/person\/26e906cb91a54d2abb2c4c061ba1fe52","name":"maj.jantti","image":{"@type":"ImageObject","inLanguage":"sv-SE","@id":"https:\/\/secure.gravatar.com\/avatar\/8ab5c6aab73a2fc0feaf4bf2fdda9cfaca9c6069a4e0bc559e89ea55efdac254?s=96&d=mm&r=g","url":"https:\/\/secure.gravatar.com\/avatar\/8ab5c6aab73a2fc0feaf4bf2fdda9cfaca9c6069a4e0bc559e89ea55efdac254?s=96&d=mm&r=g","contentUrl":"https:\/\/secure.gravatar.com\/avatar\/8ab5c6aab73a2fc0feaf4bf2fdda9cfaca9c6069a4e0bc559e89ea55efdac254?s=96&d=mm&r=g","caption":"maj.jantti"},"url":"https:\/\/shipowners.fi\/sv\/author\/maj-jantti\/"}]}},"_links":{"self":[{"href":"https:\/\/shipowners.fi\/sv\/wp-json\/wp\/v2\/posts\/7463","targetHints":{"allow":["GET"]}}],"collection":[{"href":"https:\/\/shipowners.fi\/sv\/wp-json\/wp\/v2\/posts"}],"about":[{"href":"https:\/\/shipowners.fi\/sv\/wp-json\/wp\/v2\/types\/post"}],"author":[{"embeddable":true,"href":"https:\/\/shipowners.fi\/sv\/wp-json\/wp\/v2\/users\/2"}],"replies":[{"embeddable":true,"href":"https:\/\/shipowners.fi\/sv\/wp-json\/wp\/v2\/comments?post=7463"}],"version-history":[{"count":1,"href":"https:\/\/shipowners.fi\/sv\/wp-json\/wp\/v2\/posts\/7463\/revisions"}],"predecessor-version":[{"id":7464,"href":"https:\/\/shipowners.fi\/sv\/wp-json\/wp\/v2\/posts\/7463\/revisions\/7464"}],"wp:attachment":[{"href":"https:\/\/shipowners.fi\/sv\/wp-json\/wp\/v2\/media?parent=7463"}],"wp:term":[{"taxonomy":"category","embeddable":true,"href":"https:\/\/shipowners.fi\/sv\/wp-json\/wp\/v2\/categories?post=7463"},{"taxonomy":"post_tag","embeddable":true,"href":"https:\/\/shipowners.fi\/sv\/wp-json\/wp\/v2\/tags?post=7463"}],"curies":[{"name":"wp","href":"https:\/\/api.w.org\/{rel}","templated":true}]}}