{"id":9592,"date":"2023-03-08T10:09:28","date_gmt":"2023-03-08T08:09:28","guid":{"rendered":"https:\/\/shipowners.fi\/?p=9592"},"modified":"2023-05-02T08:48:16","modified_gmt":"2023-05-02T05:48:16","slug":"8-3-firar-vi-internationella-kvinnodagen-vi-uppmuntrar-kvinnor-att-soka-sig-med-till-sjofartsbranschen","status":"publish","type":"post","link":"https:\/\/shipowners.fi\/sv\/8-3-firar-vi-internationella-kvinnodagen-vi-uppmuntrar-kvinnor-att-soka-sig-med-till-sjofartsbranschen\/","title":{"rendered":"8.3. firar vi internationella kvinnodagen \u2013 vi uppmuntrar kvinnor att s\u00f6ka sig med till sj\u00f6fartsbranschen!"},"content":{"rendered":"<p>Internationella kvinnodagen firas runt om i v\u00e4rlden den 8.3. Inom sj\u00f6farten utg\u00f6r kvinnor cirka tv\u00e5 procent av arbetskraften internationellt. Siffran \u00f6kar dock och anstr\u00e4ngningar g\u00f6rs f\u00f6r att uppmuntra fler kvinnor att komma in i sektorn. I Finland utg\u00f6r kvinnor hela 20 procent av sj\u00f6farare.<\/p>\n<p>\u00c4mnet \u00e4r allt mer aktuellt inom sj\u00f6farten, eftersom det r\u00e5der brist p\u00e5 sj\u00f6arbetskraft b\u00e5de h\u00e4r i Finland och runt om i v\u00e4rlden. Sj\u00f6farten \u00e4r en m\u00e5ngsidig, internationell bransch med flera m\u00f6jligheter. Nu finns det ett verkligt behov av anst\u00e4llda, och det erbjuds intressanta jobb fr\u00e5n land till hav. Ocks\u00e5 sj\u00f6fartssektorn vill dra nytta av det b\u00e4sta kunnandet, inklusive den potential som kvinnor har att erbjuda.<\/p>\n<p>Internationella sj\u00f6fartsorganisationer s\u00e5som IMO, \u00e4gnar allt st\u00f6rre uppm\u00e4rksamhet \u00e5t kvinnors syssels\u00e4ttning inom sektorn. F\u00f6rra \u00e5ret lanserade IMO f\u00f6r f\u00f6rsta g\u00e5ngen den internationella dagen f\u00f6r kvinnor inom sj\u00f6fartssektorn som firas den 18. maj. Syftet med dagen \u00e4r att fr\u00e4mja rekrytering och bibeh\u00e5llande av kvinnor inom sj\u00f6fartssektorn, samt att h\u00f6ja kvinnors profil till sj\u00f6ss och st\u00f6dja arbetet med att r\u00e4tta till den nuvarande obalansen mellan k\u00f6nen inom sj\u00f6farten.<\/p>\n<p>International Chamber of Shipping (ICS), som representerar mer \u00e4n 80% av v\u00e4rldens handelsflotta, publicerade sin f\u00f6rsta handbok om m\u00e5ngfald och inklusion i b\u00f6rjan av \u00e5ret. ICS har tidigare utvecklat ett skr\u00e4ddarsytt onlineverktyg f\u00f6r f\u00f6retag inom sj\u00f6farten f\u00f6r att hj\u00e4lpa till att utveckla m\u00e5ngfaldspraxis. Verktyget kan hittas p\u00e5 <a href=\"https:\/\/www.ics-shipping.org\/maritime-diversity-and-inclusion-charter\/\">https:\/\/www.ics-shipping.org\/maritime-diversity-and-inclusion-charter\/<\/a>.<\/p>\n<p>Den europeiska paraplyorganisationen f\u00f6r rederier ECSA anordnar ett webinarium om j\u00e4mst\u00e4lldhet inom sj\u00f6farten f\u00f6r att fira kvinnodagen. Webinariet \u00e4r ett Linked in Live-evenemang den 8.3 kl. 16.30 finsk tid och \u00f6ppet f\u00f6r alla. Mer information och en l\u00e4nk f\u00f6r att delta finns p\u00e5: <a href=\"https:\/\/www.ecsa.eu\/news\/event-gender-equity-shipping\">https:\/\/www.ecsa.eu\/news\/event-gender-equity-shipping<\/a>.<\/p>\n<figure id=\"attachment_9588\" aria-describedby=\"caption-attachment-9588\" style=\"width: 691px\" class=\"wp-caption alignnone\"><img loading=\"lazy\" decoding=\"async\" class=\" wp-image-9588\" src=\"https:\/\/shipowners.fi\/wp-content\/uploads\/2023\/03\/Langh-Ship_Future.jpg\" alt=\"\" width=\"691\" height=\"965\" srcset=\"https:\/\/shipowners.fi\/wp-content\/uploads\/2023\/03\/Langh-Ship_Future.jpg 1051w, https:\/\/shipowners.fi\/wp-content\/uploads\/2023\/03\/Langh-Ship_Future-215x300.jpg 215w, https:\/\/shipowners.fi\/wp-content\/uploads\/2023\/03\/Langh-Ship_Future-687x960.jpg 687w, https:\/\/shipowners.fi\/wp-content\/uploads\/2023\/03\/Langh-Ship_Future-768x1073.jpg 768w\" sizes=\"auto, (max-width: 691px) 100vw, 691px\" \/><figcaption id=\"caption-attachment-9588\" class=\"wp-caption-text\"><em>Bild: Langh Ship<\/em><\/figcaption><\/figure>\n<p>&nbsp;<\/p>\n","protected":false},"excerpt":{"rendered":"<p>Internationella kvinnodagen firas runt om i v\u00e4rlden den 8.3. Inom sj\u00f6farten utg\u00f6r kvinnor cirka tv\u00e5 procent av arbetskraften internationellt. Siffran \u00f6kar dock och anstr\u00e4ngningar g\u00f6rs f\u00f6r att uppmuntra fler kvinnor att komma in i sektorn. I Finland utg\u00f6r kvinnor hela 20 procent av sj\u00f6farare. \u00c4mnet \u00e4r allt mer aktuellt inom sj\u00f6farten, eftersom det r\u00e5der brist&hellip;<\/p>\n","protected":false},"author":2,"featured_media":0,"comment_status":"closed","ping_status":"open","sticky":false,"template":"","format":"standard","meta":{"_acf_changed":false,"footnotes":""},"categories":[3],"tags":[],"class_list":["post-9592","post","type-post","status-publish","format-standard","hentry","category-pressmeddelanden"],"acf":[],"yoast_head":"<!-- This site is optimized with the Yoast SEO plugin v27.5 - https:\/\/yoast.com\/product\/yoast-seo-wordpress\/ -->\n<title>8.3. firar vi internationella kvinnodagen \u2013 vi uppmuntrar kvinnor att s\u00f6ka sig med till sj\u00f6fartsbranschen! - Rederierna i Finland<\/title>\n<meta name=\"robots\" content=\"index, follow, max-snippet:-1, max-image-preview:large, max-video-preview:-1\" \/>\n<link rel=\"canonical\" href=\"https:\/\/shipowners.fi\/sv\/8-3-firar-vi-internationella-kvinnodagen-vi-uppmuntrar-kvinnor-att-soka-sig-med-till-sjofartsbranschen\/\" \/>\n<meta property=\"og:locale\" content=\"sv_SE\" \/>\n<meta property=\"og:type\" content=\"article\" \/>\n<meta property=\"og:title\" content=\"8.3. firar vi internationella kvinnodagen \u2013 vi uppmuntrar kvinnor att s\u00f6ka sig med till sj\u00f6fartsbranschen! - Rederierna i Finland\" \/>\n<meta property=\"og:description\" content=\"Internationella kvinnodagen firas runt om i v\u00e4rlden den 8.3. Inom sj\u00f6farten utg\u00f6r kvinnor cirka tv\u00e5 procent av arbetskraften internationellt. Siffran \u00f6kar dock och anstr\u00e4ngningar g\u00f6rs f\u00f6r att uppmuntra fler kvinnor att komma in i sektorn. I Finland utg\u00f6r kvinnor hela 20 procent av sj\u00f6farare. \u00c4mnet \u00e4r allt mer aktuellt inom sj\u00f6farten, eftersom det r\u00e5der brist&hellip;\" \/>\n<meta property=\"og:url\" content=\"https:\/\/shipowners.fi\/sv\/8-3-firar-vi-internationella-kvinnodagen-vi-uppmuntrar-kvinnor-att-soka-sig-med-till-sjofartsbranschen\/\" \/>\n<meta property=\"og:site_name\" content=\"Rederierna i Finland\" \/>\n<meta property=\"article:published_time\" content=\"2023-03-08T08:09:28+00:00\" \/>\n<meta property=\"article:modified_time\" content=\"2023-05-02T05:48:16+00:00\" \/>\n<meta property=\"og:image\" content=\"https:\/\/shipowners.fi\/wp-content\/uploads\/2023\/03\/Langh-Ship_Future.jpg\" \/>\n<meta name=\"author\" content=\"maj.jantti\" \/>\n<meta name=\"twitter:card\" content=\"summary_large_image\" \/>\n<meta name=\"twitter:label1\" content=\"Skriven av\" \/>\n\t<meta name=\"twitter:data1\" content=\"maj.jantti\" \/>\n\t<meta name=\"twitter:label2\" content=\"Ber\u00e4knad l\u00e4stid\" \/>\n\t<meta name=\"twitter:data2\" content=\"2 minuter\" \/>\n<script type=\"application\/ld+json\" class=\"yoast-schema-graph\">{\"@context\":\"https:\\\/\\\/schema.org\",\"@graph\":[{\"@type\":\"Article\",\"@id\":\"https:\\\/\\\/shipowners.fi\\\/sv\\\/8-3-firar-vi-internationella-kvinnodagen-vi-uppmuntrar-kvinnor-att-soka-sig-med-till-sjofartsbranschen\\\/#article\",\"isPartOf\":{\"@id\":\"https:\\\/\\\/shipowners.fi\\\/sv\\\/8-3-firar-vi-internationella-kvinnodagen-vi-uppmuntrar-kvinnor-att-soka-sig-med-till-sjofartsbranschen\\\/\"},\"author\":{\"name\":\"maj.jantti\",\"@id\":\"https:\\\/\\\/shipowners.fi\\\/#\\\/schema\\\/person\\\/26e906cb91a54d2abb2c4c061ba1fe52\"},\"headline\":\"8.3. firar vi internationella kvinnodagen \u2013 vi uppmuntrar kvinnor att s\u00f6ka sig med till sj\u00f6fartsbranschen!\",\"datePublished\":\"2023-03-08T08:09:28+00:00\",\"dateModified\":\"2023-05-02T05:48:16+00:00\",\"mainEntityOfPage\":{\"@id\":\"https:\\\/\\\/shipowners.fi\\\/sv\\\/8-3-firar-vi-internationella-kvinnodagen-vi-uppmuntrar-kvinnor-att-soka-sig-med-till-sjofartsbranschen\\\/\"},\"wordCount\":356,\"image\":{\"@id\":\"https:\\\/\\\/shipowners.fi\\\/sv\\\/8-3-firar-vi-internationella-kvinnodagen-vi-uppmuntrar-kvinnor-att-soka-sig-med-till-sjofartsbranschen\\\/#primaryimage\"},\"thumbnailUrl\":\"https:\\\/\\\/shipowners.fi\\\/wp-content\\\/uploads\\\/2023\\\/03\\\/Langh-Ship_Future.jpg\",\"articleSection\":[\"Press\u00admeddelanden\"],\"inLanguage\":\"sv-SE\"},{\"@type\":\"WebPage\",\"@id\":\"https:\\\/\\\/shipowners.fi\\\/sv\\\/8-3-firar-vi-internationella-kvinnodagen-vi-uppmuntrar-kvinnor-att-soka-sig-med-till-sjofartsbranschen\\\/\",\"url\":\"https:\\\/\\\/shipowners.fi\\\/sv\\\/8-3-firar-vi-internationella-kvinnodagen-vi-uppmuntrar-kvinnor-att-soka-sig-med-till-sjofartsbranschen\\\/\",\"name\":\"8.3. firar vi internationella kvinnodagen \u2013 vi uppmuntrar kvinnor att s\u00f6ka sig med till sj\u00f6fartsbranschen! - Rederierna i Finland\",\"isPartOf\":{\"@id\":\"https:\\\/\\\/shipowners.fi\\\/#website\"},\"primaryImageOfPage\":{\"@id\":\"https:\\\/\\\/shipowners.fi\\\/sv\\\/8-3-firar-vi-internationella-kvinnodagen-vi-uppmuntrar-kvinnor-att-soka-sig-med-till-sjofartsbranschen\\\/#primaryimage\"},\"image\":{\"@id\":\"https:\\\/\\\/shipowners.fi\\\/sv\\\/8-3-firar-vi-internationella-kvinnodagen-vi-uppmuntrar-kvinnor-att-soka-sig-med-till-sjofartsbranschen\\\/#primaryimage\"},\"thumbnailUrl\":\"https:\\\/\\\/shipowners.fi\\\/wp-content\\\/uploads\\\/2023\\\/03\\\/Langh-Ship_Future.jpg\",\"datePublished\":\"2023-03-08T08:09:28+00:00\",\"dateModified\":\"2023-05-02T05:48:16+00:00\",\"author\":{\"@id\":\"https:\\\/\\\/shipowners.fi\\\/#\\\/schema\\\/person\\\/26e906cb91a54d2abb2c4c061ba1fe52\"},\"inLanguage\":\"sv-SE\",\"potentialAction\":[{\"@type\":\"ReadAction\",\"target\":[\"https:\\\/\\\/shipowners.fi\\\/sv\\\/8-3-firar-vi-internationella-kvinnodagen-vi-uppmuntrar-kvinnor-att-soka-sig-med-till-sjofartsbranschen\\\/\"]}]},{\"@type\":\"ImageObject\",\"inLanguage\":\"sv-SE\",\"@id\":\"https:\\\/\\\/shipowners.fi\\\/sv\\\/8-3-firar-vi-internationella-kvinnodagen-vi-uppmuntrar-kvinnor-att-soka-sig-med-till-sjofartsbranschen\\\/#primaryimage\",\"url\":\"https:\\\/\\\/shipowners.fi\\\/wp-content\\\/uploads\\\/2023\\\/03\\\/Langh-Ship_Future.jpg\",\"contentUrl\":\"https:\\\/\\\/shipowners.fi\\\/wp-content\\\/uploads\\\/2023\\\/03\\\/Langh-Ship_Future.jpg\"},{\"@type\":\"WebSite\",\"@id\":\"https:\\\/\\\/shipowners.fi\\\/#website\",\"url\":\"https:\\\/\\\/shipowners.fi\\\/\",\"name\":\"Rederierna i Finland\",\"description\":\"\",\"potentialAction\":[{\"@type\":\"SearchAction\",\"target\":{\"@type\":\"EntryPoint\",\"urlTemplate\":\"https:\\\/\\\/shipowners.fi\\\/?s={search_term_string}\"},\"query-input\":{\"@type\":\"PropertyValueSpecification\",\"valueRequired\":true,\"valueName\":\"search_term_string\"}}],\"inLanguage\":\"sv-SE\"},{\"@type\":\"Person\",\"@id\":\"https:\\\/\\\/shipowners.fi\\\/#\\\/schema\\\/person\\\/26e906cb91a54d2abb2c4c061ba1fe52\",\"name\":\"maj.jantti\",\"image\":{\"@type\":\"ImageObject\",\"inLanguage\":\"sv-SE\",\"@id\":\"https:\\\/\\\/secure.gravatar.com\\\/avatar\\\/8ab5c6aab73a2fc0feaf4bf2fdda9cfaca9c6069a4e0bc559e89ea55efdac254?s=96&d=mm&r=g\",\"url\":\"https:\\\/\\\/secure.gravatar.com\\\/avatar\\\/8ab5c6aab73a2fc0feaf4bf2fdda9cfaca9c6069a4e0bc559e89ea55efdac254?s=96&d=mm&r=g\",\"contentUrl\":\"https:\\\/\\\/secure.gravatar.com\\\/avatar\\\/8ab5c6aab73a2fc0feaf4bf2fdda9cfaca9c6069a4e0bc559e89ea55efdac254?s=96&d=mm&r=g\",\"caption\":\"maj.jantti\"},\"url\":\"https:\\\/\\\/shipowners.fi\\\/sv\\\/author\\\/maj-jantti\\\/\"}]}<\/script>\n<!-- \/ Yoast SEO plugin. -->","yoast_head_json":{"title":"8.3. firar vi internationella kvinnodagen \u2013 vi uppmuntrar kvinnor att s\u00f6ka sig med till sj\u00f6fartsbranschen! - Rederierna i Finland","robots":{"index":"index","follow":"follow","max-snippet":"max-snippet:-1","max-image-preview":"max-image-preview:large","max-video-preview":"max-video-preview:-1"},"canonical":"https:\/\/shipowners.fi\/sv\/8-3-firar-vi-internationella-kvinnodagen-vi-uppmuntrar-kvinnor-att-soka-sig-med-till-sjofartsbranschen\/","og_locale":"sv_SE","og_type":"article","og_title":"8.3. firar vi internationella kvinnodagen \u2013 vi uppmuntrar kvinnor att s\u00f6ka sig med till sj\u00f6fartsbranschen! - Rederierna i Finland","og_description":"Internationella kvinnodagen firas runt om i v\u00e4rlden den 8.3. Inom sj\u00f6farten utg\u00f6r kvinnor cirka tv\u00e5 procent av arbetskraften internationellt. Siffran \u00f6kar dock och anstr\u00e4ngningar g\u00f6rs f\u00f6r att uppmuntra fler kvinnor att komma in i sektorn. I Finland utg\u00f6r kvinnor hela 20 procent av sj\u00f6farare. \u00c4mnet \u00e4r allt mer aktuellt inom sj\u00f6farten, eftersom det r\u00e5der brist&hellip;","og_url":"https:\/\/shipowners.fi\/sv\/8-3-firar-vi-internationella-kvinnodagen-vi-uppmuntrar-kvinnor-att-soka-sig-med-till-sjofartsbranschen\/","og_site_name":"Rederierna i Finland","article_published_time":"2023-03-08T08:09:28+00:00","article_modified_time":"2023-05-02T05:48:16+00:00","og_image":[{"url":"https:\/\/shipowners.fi\/wp-content\/uploads\/2023\/03\/Langh-Ship_Future.jpg","type":"","width":"","height":""}],"author":"maj.jantti","twitter_card":"summary_large_image","twitter_misc":{"Skriven av":"maj.jantti","Ber\u00e4knad l\u00e4stid":"2 minuter"},"schema":{"@context":"https:\/\/schema.org","@graph":[{"@type":"Article","@id":"https:\/\/shipowners.fi\/sv\/8-3-firar-vi-internationella-kvinnodagen-vi-uppmuntrar-kvinnor-att-soka-sig-med-till-sjofartsbranschen\/#article","isPartOf":{"@id":"https:\/\/shipowners.fi\/sv\/8-3-firar-vi-internationella-kvinnodagen-vi-uppmuntrar-kvinnor-att-soka-sig-med-till-sjofartsbranschen\/"},"author":{"name":"maj.jantti","@id":"https:\/\/shipowners.fi\/#\/schema\/person\/26e906cb91a54d2abb2c4c061ba1fe52"},"headline":"8.3. firar vi internationella kvinnodagen \u2013 vi uppmuntrar kvinnor att s\u00f6ka sig med till sj\u00f6fartsbranschen!","datePublished":"2023-03-08T08:09:28+00:00","dateModified":"2023-05-02T05:48:16+00:00","mainEntityOfPage":{"@id":"https:\/\/shipowners.fi\/sv\/8-3-firar-vi-internationella-kvinnodagen-vi-uppmuntrar-kvinnor-att-soka-sig-med-till-sjofartsbranschen\/"},"wordCount":356,"image":{"@id":"https:\/\/shipowners.fi\/sv\/8-3-firar-vi-internationella-kvinnodagen-vi-uppmuntrar-kvinnor-att-soka-sig-med-till-sjofartsbranschen\/#primaryimage"},"thumbnailUrl":"https:\/\/shipowners.fi\/wp-content\/uploads\/2023\/03\/Langh-Ship_Future.jpg","articleSection":["Press\u00admeddelanden"],"inLanguage":"sv-SE"},{"@type":"WebPage","@id":"https:\/\/shipowners.fi\/sv\/8-3-firar-vi-internationella-kvinnodagen-vi-uppmuntrar-kvinnor-att-soka-sig-med-till-sjofartsbranschen\/","url":"https:\/\/shipowners.fi\/sv\/8-3-firar-vi-internationella-kvinnodagen-vi-uppmuntrar-kvinnor-att-soka-sig-med-till-sjofartsbranschen\/","name":"8.3. firar vi internationella kvinnodagen \u2013 vi uppmuntrar kvinnor att s\u00f6ka sig med till sj\u00f6fartsbranschen! - Rederierna i Finland","isPartOf":{"@id":"https:\/\/shipowners.fi\/#website"},"primaryImageOfPage":{"@id":"https:\/\/shipowners.fi\/sv\/8-3-firar-vi-internationella-kvinnodagen-vi-uppmuntrar-kvinnor-att-soka-sig-med-till-sjofartsbranschen\/#primaryimage"},"image":{"@id":"https:\/\/shipowners.fi\/sv\/8-3-firar-vi-internationella-kvinnodagen-vi-uppmuntrar-kvinnor-att-soka-sig-med-till-sjofartsbranschen\/#primaryimage"},"thumbnailUrl":"https:\/\/shipowners.fi\/wp-content\/uploads\/2023\/03\/Langh-Ship_Future.jpg","datePublished":"2023-03-08T08:09:28+00:00","dateModified":"2023-05-02T05:48:16+00:00","author":{"@id":"https:\/\/shipowners.fi\/#\/schema\/person\/26e906cb91a54d2abb2c4c061ba1fe52"},"inLanguage":"sv-SE","potentialAction":[{"@type":"ReadAction","target":["https:\/\/shipowners.fi\/sv\/8-3-firar-vi-internationella-kvinnodagen-vi-uppmuntrar-kvinnor-att-soka-sig-med-till-sjofartsbranschen\/"]}]},{"@type":"ImageObject","inLanguage":"sv-SE","@id":"https:\/\/shipowners.fi\/sv\/8-3-firar-vi-internationella-kvinnodagen-vi-uppmuntrar-kvinnor-att-soka-sig-med-till-sjofartsbranschen\/#primaryimage","url":"https:\/\/shipowners.fi\/wp-content\/uploads\/2023\/03\/Langh-Ship_Future.jpg","contentUrl":"https:\/\/shipowners.fi\/wp-content\/uploads\/2023\/03\/Langh-Ship_Future.jpg"},{"@type":"WebSite","@id":"https:\/\/shipowners.fi\/#website","url":"https:\/\/shipowners.fi\/","name":"Rederierna i Finland","description":"","potentialAction":[{"@type":"SearchAction","target":{"@type":"EntryPoint","urlTemplate":"https:\/\/shipowners.fi\/?s={search_term_string}"},"query-input":{"@type":"PropertyValueSpecification","valueRequired":true,"valueName":"search_term_string"}}],"inLanguage":"sv-SE"},{"@type":"Person","@id":"https:\/\/shipowners.fi\/#\/schema\/person\/26e906cb91a54d2abb2c4c061ba1fe52","name":"maj.jantti","image":{"@type":"ImageObject","inLanguage":"sv-SE","@id":"https:\/\/secure.gravatar.com\/avatar\/8ab5c6aab73a2fc0feaf4bf2fdda9cfaca9c6069a4e0bc559e89ea55efdac254?s=96&d=mm&r=g","url":"https:\/\/secure.gravatar.com\/avatar\/8ab5c6aab73a2fc0feaf4bf2fdda9cfaca9c6069a4e0bc559e89ea55efdac254?s=96&d=mm&r=g","contentUrl":"https:\/\/secure.gravatar.com\/avatar\/8ab5c6aab73a2fc0feaf4bf2fdda9cfaca9c6069a4e0bc559e89ea55efdac254?s=96&d=mm&r=g","caption":"maj.jantti"},"url":"https:\/\/shipowners.fi\/sv\/author\/maj-jantti\/"}]}},"_links":{"self":[{"href":"https:\/\/shipowners.fi\/sv\/wp-json\/wp\/v2\/posts\/9592","targetHints":{"allow":["GET"]}}],"collection":[{"href":"https:\/\/shipowners.fi\/sv\/wp-json\/wp\/v2\/posts"}],"about":[{"href":"https:\/\/shipowners.fi\/sv\/wp-json\/wp\/v2\/types\/post"}],"author":[{"embeddable":true,"href":"https:\/\/shipowners.fi\/sv\/wp-json\/wp\/v2\/users\/2"}],"replies":[{"embeddable":true,"href":"https:\/\/shipowners.fi\/sv\/wp-json\/wp\/v2\/comments?post=9592"}],"version-history":[{"count":2,"href":"https:\/\/shipowners.fi\/sv\/wp-json\/wp\/v2\/posts\/9592\/revisions"}],"predecessor-version":[{"id":9594,"href":"https:\/\/shipowners.fi\/sv\/wp-json\/wp\/v2\/posts\/9592\/revisions\/9594"}],"wp:attachment":[{"href":"https:\/\/shipowners.fi\/sv\/wp-json\/wp\/v2\/media?parent=9592"}],"wp:term":[{"taxonomy":"category","embeddable":true,"href":"https:\/\/shipowners.fi\/sv\/wp-json\/wp\/v2\/categories?post=9592"},{"taxonomy":"post_tag","embeddable":true,"href":"https:\/\/shipowners.fi\/sv\/wp-json\/wp\/v2\/tags?post=9592"}],"curies":[{"name":"wp","href":"https:\/\/api.w.org\/{rel}","templated":true}]}}